{"id":75725,"date":"2021-08-10T12:57:38","date_gmt":"2021-08-10T15:57:38","guid":{"rendered":"https:\/\/iulianocooreman.com.ar\/es\/?p=75725"},"modified":"2021-08-10T12:57:38","modified_gmt":"2021-08-10T15:57:38","slug":"plan-para-fomentar-el-empleo","status":"publish","type":"post","link":"https:\/\/ic.tecnopc.com.ar\/index.php\/2021\/08\/10\/plan-para-fomentar-el-empleo\/","title":{"rendered":"PLAN PARA FOMENTAR EL EMPLEO"},"content":{"rendered":"<p style=\"text-align: justify;\"><span style=\"font-weight: 400; font-family: verdana, geneva, sans-serif; font-size: 14pt; color: #3366ff;\">Los empleadores que contraten nuevos trabajadores a partir de septiembre, y dentro de los pr\u00f3ximos 12 meses, gozar\u00e1n de hasta el 95% de descuento en las contribuciones jubilatorias.<\/span><!--more--><\/p>\n<p style=\"text-align: justify;\"><span style=\"font-weight: 400; font-family: verdana, geneva, sans-serif; font-size: 14pt;\">La normativa se establece que aquellos empleadores del sector privado que contraten nuevos trabajadores, que participen o hayan participado en Programas Educativos, de Formaci\u00f3n Profesional o de Intermediaci\u00f3n Laboral, gozar\u00e1n respecto de cada una de las nuevas incorporaciones que realicen, de una reducci\u00f3n de sus contribuciones patronales.<\/span><\/p>\n<p style=\"text-align: justify;\"><span style=\"font-weight: 400; font-family: verdana, geneva, sans-serif; font-size: 14pt;\">La rebaja ser\u00e1 del 95 % para el caso de contratarse a una mujer, una persona no binaria o una persona con discapacidad acreditada.\u00a0<\/span><\/p>\n<p style=\"text-align: justify;\"><span style=\"font-weight: 400; font-family: verdana, geneva, sans-serif; font-size: 14pt;\">Mientras que el recorte ser\u00e1 del 90%, tambi\u00e9n por un a\u00f1o, para el caso de empleados varones.<\/span><\/p>\n<p style=\"text-align: justify;\"><span style=\"font-weight: 400; font-family: verdana, geneva, sans-serif; font-size: 14pt;\">Tambi\u00e9n se precis\u00f3 que se encuentran comprendidas en las previsiones del decreto las personas travestis, transexuales y transg\u00e9nero, hayan o no efectuado la rectificaci\u00f3n registral del sexo y el cambio de nombre de pila e imagen.<\/span><\/p>\n","protected":false},"excerpt":{"rendered":"<p>Los empleadores que contraten nuevos trabajadores a partir de septiembre, y dentro de los pr\u00f3ximos 12 meses, gozar\u00e1n de hasta el 95% de descuento en las contribuciones jubilatorias.<\/p>\n","protected":false},"author":1,"featured_media":0,"comment_status":"closed","ping_status":"open","sticky":false,"template":"","format":"standard","meta":{"footnotes":""},"categories":[3],"tags":[],"class_list":["post-75725","post","type-post","status-publish","format-standard","hentry","category-ultimas-noticias"],"_links":{"self":[{"href":"https:\/\/ic.tecnopc.com.ar\/index.php\/wp-json\/wp\/v2\/posts\/75725","targetHints":{"allow":["GET"]}}],"collection":[{"href":"https:\/\/ic.tecnopc.com.ar\/index.php\/wp-json\/wp\/v2\/posts"}],"about":[{"href":"https:\/\/ic.tecnopc.com.ar\/index.php\/wp-json\/wp\/v2\/types\/post"}],"author":[{"embeddable":true,"href":"https:\/\/ic.tecnopc.com.ar\/index.php\/wp-json\/wp\/v2\/users\/1"}],"replies":[{"embeddable":true,"href":"https:\/\/ic.tecnopc.com.ar\/index.php\/wp-json\/wp\/v2\/comments?post=75725"}],"version-history":[{"count":0,"href":"https:\/\/ic.tecnopc.com.ar\/index.php\/wp-json\/wp\/v2\/posts\/75725\/revisions"}],"wp:attachment":[{"href":"https:\/\/ic.tecnopc.com.ar\/index.php\/wp-json\/wp\/v2\/media?parent=75725"}],"wp:term":[{"taxonomy":"category","embeddable":true,"href":"https:\/\/ic.tecnopc.com.ar\/index.php\/wp-json\/wp\/v2\/categories?post=75725"},{"taxonomy":"post_tag","embeddable":true,"href":"https:\/\/ic.tecnopc.com.ar\/index.php\/wp-json\/wp\/v2\/tags?post=75725"}],"curies":[{"name":"wp","href":"https:\/\/api.w.org\/{rel}","templated":true}]}}