{"id":75753,"date":"2021-09-22T14:47:30","date_gmt":"2021-09-22T17:47:30","guid":{"rendered":"https:\/\/iulianocooreman.com.ar\/es\/?p=75753"},"modified":"2021-09-22T14:47:30","modified_gmt":"2021-09-22T17:47:30","slug":"septiembre-sigue-el-repro-ii","status":"publish","type":"post","link":"https:\/\/ic.tecnopc.com.ar\/index.php\/2021\/09\/22\/septiembre-sigue-el-repro-ii\/","title":{"rendered":"SEPTIEMBRE: SIGUE EL REPRO II"},"content":{"rendered":"<p style=\"text-align: justify;\"><span style=\"font-weight: 400; font-family: verdana, geneva, sans-serif; color: #3366ff;\">El programa Repro II seguir\u00e1 en septiembre, con una suma fija a cuenta de los salarios de los empleados de empresas afectadas por la crisis y el Programa de Asistencia de Emergencia a Trabajadoras y Trabajadores Independientes en sectores cr\u00edticos. <\/span><!--more--><\/p>\n<p style=\"text-align: justify;\"><span style=\"font-weight: 400; font-family: verdana, geneva, sans-serif;\">El plazo de inscripci\u00f3n al Programa para el per\u00edodo estar\u00e1 comprendido entre el 24 y el 30 de septiembre.\u00a0<\/span><\/p>\n<p style=\"text-align: justify;\"><span style=\"font-weight: 400; font-family: verdana, geneva, sans-serif;\">La asistencia v\u00eda Repro II es de hasta $22.000 por trabajador.<\/span><\/p>\n<p style=\"text-align: justify;\"><span style=\"font-weight: 400; font-family: verdana, geneva, sans-serif;\">Criterios para acceder:<\/span><\/p>\n<p style=\"text-align: justify;\"><span style=\"font-weight: 400; font-family: verdana, geneva, sans-serif;\">&#8211; Meses seleccionados para el c\u00e1lculo de la variaci\u00f3n interanual de la facturaci\u00f3n requerida por la AFIP: agosto de 2019 y agosto de 2021.<\/span><\/p>\n<p style=\"text-align: justify;\"><span style=\"font-weight: 400; font-family: verdana, geneva, sans-serif;\">&#8211; Altas empresas: No se deber\u00e1 considerar la facturaci\u00f3n para las empresas iniciadas a partir del 1\u00ba de enero de 2019.<\/span><\/p>\n<p style=\"text-align: justify;\"><span style=\"font-weight: 400; font-family: verdana, geneva, sans-serif;\">&#8211; Mes seleccionado para determinar la n\u00f3mina de personal y los salarios de referencia: agosto 2021.<\/span><\/p>\n<p style=\"text-align: justify;\"><span style=\"font-weight: 400; font-family: verdana, geneva, sans-serif;\">&#8211; Corte de actualizaci\u00f3n de bajas de n\u00f3mina: 23 de septiembre inclusive.<\/span><\/p>\n<p style=\"text-align: justify;\"><span style=\"font-weight: 400; font-family: verdana, geneva, sans-serif;\">&#8211; Corte de actualizaci\u00f3n CBU: 23 de septiembre inclusive.<\/span><\/p>\n<p style=\"text-align: justify;\"><span style=\"font-weight: 400; font-family: verdana, geneva, sans-serif;\">Se extendi\u00f3 adem\u00e1s el plazo de inscripci\u00f3n del Programa de Asistencia de Emergencia a Trabajadoras y Trabajadores Independientes en sectores cr\u00edticos en el mismo plazo, del 24 al 30 de septiembre.\u00a0<\/span><\/p>\n<p style=\"text-align: justify;\"><span style=\"font-weight: 400; font-family: verdana, geneva, sans-serif;\">En este caso, se solicita acreditar a los potenciales beneficiarios:<\/span><\/p>\n<p style=\"text-align: justify;\"><span style=\"font-weight: 400; font-family: verdana, geneva, sans-serif;\">&#8211; Presentar una reducci\u00f3n de la facturaci\u00f3n superior al veinte por ciento (20%) en t\u00e9rminos reales, para el periodo comprendido entre agosto 2021 y agosto 2019.<\/span><\/p>\n<p style=\"text-align: justify;\"><span style=\"font-weight: 400; font-family: verdana, geneva, sans-serif;\">&#8211; Periodo de referencia de pagos a acreditar:El programa Repro II seguir\u00e1 en septiembre, con una suma fija a cuenta de los salarios de los empleados de empresas afectadas por la crisis y el Programa de Asistencia de Emergencia a Trabajadoras y Trabajadores Independientes en sectores cr\u00edticos.<\/span><\/p>\n<p style=\"text-align: justify;\"><span style=\"font-weight: 400; font-family: verdana, geneva, sans-serif;\">&#8211; Aut\u00f3nomos: de 01\/2021 hasta 07\/2021.<\/span><\/p>\n<p style=\"text-align: justify;\"><span style=\"font-weight: 400; font-family: verdana, geneva, sans-serif;\">&#8211; Monotributo: de 2\/2021 hasta 8\/2021<\/span><\/p>\n<p style=\"text-align: justify;\"><span style=\"font-weight: 400; font-family: verdana, geneva, sans-serif;\">&#8211; Corte de pago Monotributistas: Pagos hasta el 23 de septiembre de 2021 inclusive.<\/span><\/p>\n","protected":false},"excerpt":{"rendered":"<p>El programa Repro II seguir\u00e1 en septiembre, con una suma fija a cuenta de los salarios de los empleados de empresas afectadas por la crisis y el Programa de Asistencia de Emergencia a Trabajadoras y Trabajadores Independientes en sectores cr\u00edticos.<\/p>\n","protected":false},"author":1,"featured_media":0,"comment_status":"closed","ping_status":"open","sticky":false,"template":"","format":"standard","meta":{"footnotes":""},"categories":[3],"tags":[],"class_list":["post-75753","post","type-post","status-publish","format-standard","hentry","category-ultimas-noticias"],"_links":{"self":[{"href":"https:\/\/ic.tecnopc.com.ar\/index.php\/wp-json\/wp\/v2\/posts\/75753","targetHints":{"allow":["GET"]}}],"collection":[{"href":"https:\/\/ic.tecnopc.com.ar\/index.php\/wp-json\/wp\/v2\/posts"}],"about":[{"href":"https:\/\/ic.tecnopc.com.ar\/index.php\/wp-json\/wp\/v2\/types\/post"}],"author":[{"embeddable":true,"href":"https:\/\/ic.tecnopc.com.ar\/index.php\/wp-json\/wp\/v2\/users\/1"}],"replies":[{"embeddable":true,"href":"https:\/\/ic.tecnopc.com.ar\/index.php\/wp-json\/wp\/v2\/comments?post=75753"}],"version-history":[{"count":0,"href":"https:\/\/ic.tecnopc.com.ar\/index.php\/wp-json\/wp\/v2\/posts\/75753\/revisions"}],"wp:attachment":[{"href":"https:\/\/ic.tecnopc.com.ar\/index.php\/wp-json\/wp\/v2\/media?parent=75753"}],"wp:term":[{"taxonomy":"category","embeddable":true,"href":"https:\/\/ic.tecnopc.com.ar\/index.php\/wp-json\/wp\/v2\/categories?post=75753"},{"taxonomy":"post_tag","embeddable":true,"href":"https:\/\/ic.tecnopc.com.ar\/index.php\/wp-json\/wp\/v2\/tags?post=75753"}],"curies":[{"name":"wp","href":"https:\/\/api.w.org\/{rel}","templated":true}]}}