{"id":75760,"date":"2021-09-29T18:20:00","date_gmt":"2021-09-29T21:20:00","guid":{"rendered":"https:\/\/iulianocooreman.com.ar\/es\/?p=75760"},"modified":"2021-09-29T18:20:00","modified_gmt":"2021-09-29T21:20:00","slug":"personal-domestico-blanqueo-y-subsidio","status":"publish","type":"post","link":"https:\/\/ic.tecnopc.com.ar\/index.php\/2021\/09\/29\/personal-domestico-blanqueo-y-subsidio\/","title":{"rendered":"PERSONAL DOM\u00c9STICO: BLANQUEO Y SUBSIDIO"},"content":{"rendered":"<p style=\"text-align: justify;\"><span style=\"font-weight: 400; font-family: verdana, geneva, sans-serif; color: #3366ff;\">El Estado pagar\u00e1, durante seis meses, hasta la mitad del sueldo de los trabajadores de casas particulares que sean blanqueados, dependiendo de los ingresos del empleador.<\/span><!--more--><\/p>\n<p style=\"text-align: justify;\"><span style=\"font-weight: 400; font-family: verdana, geneva, sans-serif;\">Los empleadores, se podr\u00e1n inscribir entre el 1\u00b0 de octubre al 31 de diciembre y deber\u00e1n blanquear la relaci\u00f3n laboral, pagar aportes, contribuciones, ART y el porcentaje del sueldo restante.\u00a0<\/span><\/p>\n<p style=\"text-align: justify;\"><span style=\"font-weight: 400; font-family: verdana, geneva, sans-serif;\">Adicionalmente, deber\u00e1n garantizar el puesto de trabajo durante, por lo menos, los 4 meses siguientes a finalizado el beneficio, con lo que se les asegura un per\u00edodo de 10 meses de trabajo formal, con un m\u00ednimo de ocupaci\u00f3n de 12 horas semanales.<\/span><\/p>\n<p style=\"text-align: justify;\"><span style=\"font-weight: 400; font-family: verdana, geneva, sans-serif;\">El subsidio puede llegar hasta la suma de $15.000 y depende de la capacidad econ\u00f3mica del empleador.<\/span><\/p>\n<p style=\"text-align: justify;\"><span style=\"font-weight: 400; font-family: verdana, geneva, sans-serif;\">El Banco Naci\u00f3n abrir\u00e1 una cuenta gratuita a nombre de los trabajadores, para el cobro del salario.<\/span><\/p>\n<p style=\"text-align: justify;\"><span style=\"font-weight: 400; font-family: verdana, geneva, sans-serif;\">La inscripci\u00f3n es compatible con el cobro de la Asignaci\u00f3n Universal por Hijo y otros programas sociales, a excepci\u00f3n de la pensi\u00f3n por invalidez y la pensi\u00f3n por m\u00e1s de 7 hijos.<\/span><\/p>\n","protected":false},"excerpt":{"rendered":"<p>El Estado pagar\u00e1, durante seis meses, hasta la mitad del sueldo de los trabajadores de casas particulares que sean blanqueados, dependiendo de los ingresos del empleador.<\/p>\n","protected":false},"author":1,"featured_media":0,"comment_status":"closed","ping_status":"open","sticky":false,"template":"","format":"standard","meta":{"footnotes":""},"categories":[3],"tags":[],"class_list":["post-75760","post","type-post","status-publish","format-standard","hentry","category-ultimas-noticias"],"_links":{"self":[{"href":"https:\/\/ic.tecnopc.com.ar\/index.php\/wp-json\/wp\/v2\/posts\/75760","targetHints":{"allow":["GET"]}}],"collection":[{"href":"https:\/\/ic.tecnopc.com.ar\/index.php\/wp-json\/wp\/v2\/posts"}],"about":[{"href":"https:\/\/ic.tecnopc.com.ar\/index.php\/wp-json\/wp\/v2\/types\/post"}],"author":[{"embeddable":true,"href":"https:\/\/ic.tecnopc.com.ar\/index.php\/wp-json\/wp\/v2\/users\/1"}],"replies":[{"embeddable":true,"href":"https:\/\/ic.tecnopc.com.ar\/index.php\/wp-json\/wp\/v2\/comments?post=75760"}],"version-history":[{"count":0,"href":"https:\/\/ic.tecnopc.com.ar\/index.php\/wp-json\/wp\/v2\/posts\/75760\/revisions"}],"wp:attachment":[{"href":"https:\/\/ic.tecnopc.com.ar\/index.php\/wp-json\/wp\/v2\/media?parent=75760"}],"wp:term":[{"taxonomy":"category","embeddable":true,"href":"https:\/\/ic.tecnopc.com.ar\/index.php\/wp-json\/wp\/v2\/categories?post=75760"},{"taxonomy":"post_tag","embeddable":true,"href":"https:\/\/ic.tecnopc.com.ar\/index.php\/wp-json\/wp\/v2\/tags?post=75760"}],"curies":[{"name":"wp","href":"https:\/\/api.w.org\/{rel}","templated":true}]}}