{"id":75774,"date":"2021-10-19T15:02:23","date_gmt":"2021-10-19T18:02:23","guid":{"rendered":"https:\/\/iulianocooreman.com.ar\/es\/?p=75774"},"modified":"2021-10-19T15:02:23","modified_gmt":"2021-10-19T18:02:23","slug":"indemnizaciones-exentas-de-ganancias","status":"publish","type":"post","link":"https:\/\/ic.tecnopc.com.ar\/index.php\/2021\/10\/19\/indemnizaciones-exentas-de-ganancias\/","title":{"rendered":"INDEMNIZACIONES EXENTAS DE GANANCIAS"},"content":{"rendered":"<p style=\"text-align: justify;\"><span style=\"font-weight: 400; font-family: verdana, geneva, sans-serif; color: #3366ff;\">La AFIP aclar\u00f3 mediante la circular 4\/2021, en qu\u00e9 casos las indemnizaciones o gratificaciones laborales por desvinculaci\u00f3n, est\u00e1n alcanzadas por el impuesto a las Ganancias.<\/span><!--more--><\/p>\n<ul>\n<li><span style=\"font-weight: 400; font-family: verdana, geneva, sans-serif;\">No Directivos.<\/span><\/li>\n<\/ul>\n<p style=\"text-align: justify;\"><span style=\"font-family: verdana, geneva, sans-serif;\"><span style=\"font-weight: 400;\">Las indemnizaciones o gratificaciones abonadas con motivo de la desvinculaci\u00f3n laboral, para estos empleados, <\/span><span style=\"font-weight: 400;\">no est\u00e1n alcanzadas por el impuesto a las Ganancias<\/span><span style=\"font-weight: 400;\">.<\/span><\/span><\/p>\n<ul>\n<li><span style=\"font-weight: 400; font-family: verdana, geneva, sans-serif;\">Directivos o Ejecutivos.<\/span><\/li>\n<\/ul>\n<p style=\"text-align: justify;\"><span style=\"font-family: verdana, geneva, sans-serif;\"><span style=\"font-weight: 400;\">Las indemnizaciones o gratificaciones abonadas con motivo de la desvinculaci\u00f3n laboral <\/span><span style=\"text-decoration: underline;\"><span style=\"font-weight: 400;\">se encuentran gravadas por el tributo, para directivos y ejecutivos<\/span><\/span><span style=\"font-weight: 400;\">, s\u00f3lo en el monto que exceda los importes indemnizatorios previstos en el art\u00edculo 245 de la Ley de Contrato de Trabajo<\/span><\/span><\/p>\n<p style=\"text-align: justify;\"><span style=\"font-family: verdana, geneva, sans-serif;\"><span style=\"font-weight: 400;\">Asimismo, la circular de la AFIP remarca que, <\/span><span style=\"text-decoration: underline;\"><span style=\"font-weight: 400;\">para todos los empleados<\/span><\/span><span style=\"font-weight: 400;\">, las sumas abonadas por el empleador en ocasi\u00f3n de la desvinculaci\u00f3n laboral por conceptos devengados con motivo de la relaci\u00f3n laboral, como vacaciones no gozadas, sueldo anual complementario, bonificaciones convencionales, indemnizaci\u00f3n por preaviso, sueldos atrasados, entre otros, <\/span><span style=\"text-decoration: underline;\"><span style=\"font-weight: 400;\">se encuentran alcanzadas por el gravamen<\/span><span style=\"font-weight: 400;\">.<\/span><\/span><\/span><\/p>\n","protected":false},"excerpt":{"rendered":"<p>La AFIP aclar\u00f3 mediante la circular 4\/2021, en qu\u00e9 casos las indemnizaciones o gratificaciones laborales por desvinculaci\u00f3n, est\u00e1n alcanzadas por el impuesto a las Ganancias.<\/p>\n","protected":false},"author":1,"featured_media":0,"comment_status":"closed","ping_status":"open","sticky":false,"template":"","format":"standard","meta":{"footnotes":""},"categories":[3],"tags":[],"class_list":["post-75774","post","type-post","status-publish","format-standard","hentry","category-ultimas-noticias"],"_links":{"self":[{"href":"https:\/\/ic.tecnopc.com.ar\/index.php\/wp-json\/wp\/v2\/posts\/75774","targetHints":{"allow":["GET"]}}],"collection":[{"href":"https:\/\/ic.tecnopc.com.ar\/index.php\/wp-json\/wp\/v2\/posts"}],"about":[{"href":"https:\/\/ic.tecnopc.com.ar\/index.php\/wp-json\/wp\/v2\/types\/post"}],"author":[{"embeddable":true,"href":"https:\/\/ic.tecnopc.com.ar\/index.php\/wp-json\/wp\/v2\/users\/1"}],"replies":[{"embeddable":true,"href":"https:\/\/ic.tecnopc.com.ar\/index.php\/wp-json\/wp\/v2\/comments?post=75774"}],"version-history":[{"count":0,"href":"https:\/\/ic.tecnopc.com.ar\/index.php\/wp-json\/wp\/v2\/posts\/75774\/revisions"}],"wp:attachment":[{"href":"https:\/\/ic.tecnopc.com.ar\/index.php\/wp-json\/wp\/v2\/media?parent=75774"}],"wp:term":[{"taxonomy":"category","embeddable":true,"href":"https:\/\/ic.tecnopc.com.ar\/index.php\/wp-json\/wp\/v2\/categories?post=75774"},{"taxonomy":"post_tag","embeddable":true,"href":"https:\/\/ic.tecnopc.com.ar\/index.php\/wp-json\/wp\/v2\/tags?post=75774"}],"curies":[{"name":"wp","href":"https:\/\/api.w.org\/{rel}","templated":true}]}}