{"id":75809,"date":"2021-12-21T16:38:22","date_gmt":"2021-12-21T19:38:22","guid":{"rendered":"https:\/\/iulianocooreman.com.ar\/es\/?p=75809"},"modified":"2021-12-21T16:38:22","modified_gmt":"2021-12-21T19:38:22","slug":"repro-ii-de-diciembre-2021","status":"publish","type":"post","link":"https:\/\/ic.tecnopc.com.ar\/index.php\/2021\/12\/21\/repro-ii-de-diciembre-2021\/","title":{"rendered":"REPRO II DE DICIEMBRE 2021"},"content":{"rendered":"<p style=\"text-align: justify;\"><span style=\"font-size: 14pt;\"><span style=\"font-family: verdana, geneva, sans-serif; color: #0000ff;\">El Ministerio de Trabajo extendi\u00f3\u00a0durante diciembre de 2021 los Programas REPRO II y de \u201cAsistencia de Emergencia a Trabajadoras y Trabajadores Independientes en sectores cr\u00edticos\u201d.\u00a0<\/span><!--more--><\/span><\/p>\n<p style=\"text-align: justify;\"><span style=\"font-family: verdana, geneva, sans-serif; font-size: 14pt;\">El plazo para la inscripci\u00f3n,\u00a0para los sueldos de\u00a0diciembre de 2021,\u00a0ser\u00e1 del\u00a022 de diciembre\u00a0al\u00a028 de diciembre de 2021 inclusive.\u00a0<\/span><\/p>\n<ol style=\"text-align: justify;\">\n<li><span style=\"font-family: verdana, geneva, sans-serif; font-size: 14pt;\">Para\u00a0el c\u00e1lculo de la variaci\u00f3n interanual de la facturaci\u00f3n\u00a0se toma la variaci\u00f3n entre\u00a0noviembre\u00a0de 2019 y\u00a0noviembre\u00a0de 2021.\u00a0<\/span><\/li>\n<li><span style=\"font-family: verdana, geneva, sans-serif; font-size: 14pt;\">Mes\u00a0para determinar la n\u00f3mina de personal y los salarios de referencia:\u00a0noviembre\u00a0de 2021.\u00a0<\/span><\/li>\n<li><span style=\"font-family: verdana, geneva, sans-serif; font-size: 14pt;\">Corte de actualizaci\u00f3n de bajas de n\u00f3mina: 20 de diciembre inclusive.\u00a0<\/span><\/li>\n<li><span style=\"font-family: verdana, geneva, sans-serif; font-size: 14pt;\">Corte de actualizaci\u00f3n CBU: 20 de diciembre inclusive.\u00a0<\/span><\/li>\n<\/ol>\n<p style=\"text-align: justify;\"><span style=\"font-family: verdana, geneva, sans-serif; font-size: 14pt;\">Para el\u00a0Programa de Asistencia de Emergencia a Trabajadores y Trabajadoras Independientes en Sectores Cr\u00edticos, el\u00a0plazo para la\u00a0inscripci\u00f3n\u00a0estar\u00e1 comprendido entre el 22 de diciembre y el 28 de diciembre de 2021 inclusive.\u00a0<\/span><\/p>\n<p style=\"text-align: justify;\"><span style=\"font-family: verdana, geneva, sans-serif; font-size: 14pt;\">Debe haber\u00a0una reducci\u00f3n de la facturaci\u00f3n superior al TREINTA POR CIENTO (30%) en t\u00e9rminos reales, para el periodo noviembre de 2019 y noviembre de 2021.\u00a0<\/span><\/p>\n<p style=\"text-align: justify;\"><span style=\"font-family: verdana, geneva, sans-serif; font-size: 14pt;\">Pagos\u00a0a acreditar:\u00a0<\/span><\/p>\n<p style=\"text-align: justify;\"><span style=\"font-family: verdana, geneva, sans-serif; font-size: 14pt;\">Aut\u00f3nomos: de 04\/2021 hasta 10\/2021\u00a0<\/span><\/p>\n<p style=\"text-align: justify;\"><span style=\"font-family: verdana, geneva, sans-serif; font-size: 14pt;\">Monotributo: de 05\/2021 hasta 11\/2021\u00a0<\/span><\/p>\n<p style=\"text-align: justify;\"><span style=\"font-family: verdana, geneva, sans-serif; font-size: 14pt;\">Corte de pago Monotributistas: Pagos hasta el 20 de diciembre inclusive.\u00a0<\/span><\/p>\n","protected":false},"excerpt":{"rendered":"<p>El Ministerio de Trabajo extendi\u00f3\u00a0durante diciembre de 2021 los Programas REPRO II y de \u201cAsistencia de Emergencia a Trabajadoras y Trabajadores Independientes en sectores cr\u00edticos\u201d.\u00a0<\/p>\n","protected":false},"author":1,"featured_media":0,"comment_status":"closed","ping_status":"open","sticky":false,"template":"","format":"standard","meta":{"footnotes":""},"categories":[3],"tags":[],"class_list":["post-75809","post","type-post","status-publish","format-standard","hentry","category-ultimas-noticias"],"_links":{"self":[{"href":"https:\/\/ic.tecnopc.com.ar\/index.php\/wp-json\/wp\/v2\/posts\/75809","targetHints":{"allow":["GET"]}}],"collection":[{"href":"https:\/\/ic.tecnopc.com.ar\/index.php\/wp-json\/wp\/v2\/posts"}],"about":[{"href":"https:\/\/ic.tecnopc.com.ar\/index.php\/wp-json\/wp\/v2\/types\/post"}],"author":[{"embeddable":true,"href":"https:\/\/ic.tecnopc.com.ar\/index.php\/wp-json\/wp\/v2\/users\/1"}],"replies":[{"embeddable":true,"href":"https:\/\/ic.tecnopc.com.ar\/index.php\/wp-json\/wp\/v2\/comments?post=75809"}],"version-history":[{"count":0,"href":"https:\/\/ic.tecnopc.com.ar\/index.php\/wp-json\/wp\/v2\/posts\/75809\/revisions"}],"wp:attachment":[{"href":"https:\/\/ic.tecnopc.com.ar\/index.php\/wp-json\/wp\/v2\/media?parent=75809"}],"wp:term":[{"taxonomy":"category","embeddable":true,"href":"https:\/\/ic.tecnopc.com.ar\/index.php\/wp-json\/wp\/v2\/categories?post=75809"},{"taxonomy":"post_tag","embeddable":true,"href":"https:\/\/ic.tecnopc.com.ar\/index.php\/wp-json\/wp\/v2\/tags?post=75809"}],"curies":[{"name":"wp","href":"https:\/\/api.w.org\/{rel}","templated":true}]}}