{"id":75841,"date":"2022-01-19T17:26:19","date_gmt":"2022-01-19T20:26:19","guid":{"rendered":"https:\/\/iulianocooreman.com.ar\/es\/?p=75841"},"modified":"2022-01-19T17:26:19","modified_gmt":"2022-01-19T20:26:19","slug":"salio-el-repro-ii-de-diciembre","status":"publish","type":"post","link":"https:\/\/ic.tecnopc.com.ar\/index.php\/2022\/01\/19\/salio-el-repro-ii-de-diciembre\/","title":{"rendered":"SALI\u00d3 EL REPRO II DE DICIEMBRE"},"content":{"rendered":"<p style=\"text-align: justify;\"><span style=\"font-family: verdana, geneva, sans-serif; color: #3366ff;\">El Ministerio de Trabajo\u00a0fij\u00f3\u00a0los requisitos de preselecci\u00f3n y selecci\u00f3n para el Programa de Recuperaci\u00f3n Productiva II (Repro\u00a0II), para los salarios devengados en diciembre de 2021.\u00a0<\/span><!--more--><\/p>\n<p style=\"text-align: justify;\"><span style=\"font-family: verdana, geneva, sans-serif;\">No hubo cambios\u00a0significativos\u00a0respecto del anterior, y se fij\u00f3 como criterio la comparaci\u00f3n de\u00a0la facturaci\u00f3n registrada en noviembre de 2019 y el mismo mes de 2021.\u00a0<\/span><\/p>\n<p style=\"text-align: justify;\"><span style=\"font-family: verdana, geneva, sans-serif;\">La diferencia se mantiene en\u00a030% en t\u00e9rminos reales, pero se modific\u00f3 al\u00a043,8% nominal, inferior al 46,2% de la resoluci\u00f3n previa (803\/2021), debido a una baja en la inflaci\u00f3n bianual.\u00a0<\/span><\/p>\n<p style=\"text-align: justify;\"><span style=\"font-family: verdana, geneva, sans-serif;\">Ese mismo per\u00edodo de comparaci\u00f3n se utilizar\u00e1 en el sector de la salud, aunque la diferencia de facturaci\u00f3n debe dar como m\u00ednimo una variaci\u00f3n de 0% en t\u00e9rminos reales, y como m\u00e1ximo un aumento de 105,3% en t\u00e9rminos nominales, 3,5 puntos porcentuales menos que en noviembre.\u00a0<\/span><\/p>\n","protected":false},"excerpt":{"rendered":"<p>El Ministerio de Trabajo\u00a0fij\u00f3\u00a0los requisitos de preselecci\u00f3n y selecci\u00f3n para el Programa de Recuperaci\u00f3n Productiva II (Repro\u00a0II), para los salarios devengados en diciembre de 2021.\u00a0<\/p>\n","protected":false},"author":1,"featured_media":0,"comment_status":"closed","ping_status":"open","sticky":false,"template":"","format":"standard","meta":{"footnotes":""},"categories":[3],"tags":[],"class_list":["post-75841","post","type-post","status-publish","format-standard","hentry","category-ultimas-noticias"],"_links":{"self":[{"href":"https:\/\/ic.tecnopc.com.ar\/index.php\/wp-json\/wp\/v2\/posts\/75841","targetHints":{"allow":["GET"]}}],"collection":[{"href":"https:\/\/ic.tecnopc.com.ar\/index.php\/wp-json\/wp\/v2\/posts"}],"about":[{"href":"https:\/\/ic.tecnopc.com.ar\/index.php\/wp-json\/wp\/v2\/types\/post"}],"author":[{"embeddable":true,"href":"https:\/\/ic.tecnopc.com.ar\/index.php\/wp-json\/wp\/v2\/users\/1"}],"replies":[{"embeddable":true,"href":"https:\/\/ic.tecnopc.com.ar\/index.php\/wp-json\/wp\/v2\/comments?post=75841"}],"version-history":[{"count":0,"href":"https:\/\/ic.tecnopc.com.ar\/index.php\/wp-json\/wp\/v2\/posts\/75841\/revisions"}],"wp:attachment":[{"href":"https:\/\/ic.tecnopc.com.ar\/index.php\/wp-json\/wp\/v2\/media?parent=75841"}],"wp:term":[{"taxonomy":"category","embeddable":true,"href":"https:\/\/ic.tecnopc.com.ar\/index.php\/wp-json\/wp\/v2\/categories?post=75841"},{"taxonomy":"post_tag","embeddable":true,"href":"https:\/\/ic.tecnopc.com.ar\/index.php\/wp-json\/wp\/v2\/tags?post=75841"}],"curies":[{"name":"wp","href":"https:\/\/api.w.org\/{rel}","templated":true}]}}