{"id":75868,"date":"2022-02-11T14:09:24","date_gmt":"2022-02-11T17:09:24","guid":{"rendered":"https:\/\/iulianocooreman.com.ar\/es\/?p=75868"},"modified":"2022-02-11T14:09:24","modified_gmt":"2022-02-11T17:09:24","slug":"afip-adelantan-los-vencimientos-de-febrero","status":"publish","type":"post","link":"https:\/\/ic.tecnopc.com.ar\/index.php\/2022\/02\/11\/afip-adelantan-los-vencimientos-de-febrero\/","title":{"rendered":"AFIP: ADELANTAN LOS VENCIMIENTOS DE FEBRERO"},"content":{"rendered":"<p><span style=\"font-weight: 400; font-family: verdana, geneva, sans-serif; font-size: 14pt; color: #3366ff;\">La AFIP dispuso adelantar al d\u00eda 23 de febrero el vencimiento del IVA y otras obligaciones que venc\u00edan originalmente los d\u00edas 24 y 25 de febrero del a\u00f1o 2022.<\/span><!--more--><\/p>\n<p><span style=\"font-weight: 400; font-family: verdana, geneva, sans-serif; font-size: 14pt;\">Las obligaciones que se adelantaron al 23 de febrero de 2022, son:<\/span><\/p>\n<ol>\n<li style=\"font-weight: 400;\" aria-level=\"1\"><span style=\"font-weight: 400; font-family: verdana, geneva, sans-serif; font-size: 14pt;\">IVA Terminados en 8 y 9<\/span><\/li>\n<li style=\"font-weight: 400;\" aria-level=\"1\"><span style=\"font-weight: 400; font-family: verdana, geneva, sans-serif; font-size: 14pt;\">Combustibles<\/span><\/li>\n<li style=\"font-weight: 400;\" aria-level=\"1\"><span style=\"font-weight: 400; font-family: verdana, geneva, sans-serif; font-size: 14pt;\">Entradas de Cine<\/span><\/li>\n<li style=\"font-weight: 400;\" aria-level=\"1\"><span style=\"font-weight: 400; font-family: verdana, geneva, sans-serif; font-size: 14pt;\">Impuesto PAIS y\u00a0<\/span><\/li>\n<li style=\"font-weight: 400;\" aria-level=\"1\"><span style=\"font-weight: 400; font-family: verdana, geneva, sans-serif; font-size: 14pt;\">A los D\u00e9bitos y Cr\u00e9ditos<\/span><\/li>\n<\/ol>\n","protected":false},"excerpt":{"rendered":"<p>La AFIP dispuso adelantar al d\u00eda 23 de febrero el vencimiento del IVA y otras obligaciones que venc\u00edan originalmente los d\u00edas 24 y 25 de febrero del a\u00f1o 2022.<\/p>\n","protected":false},"author":1,"featured_media":0,"comment_status":"closed","ping_status":"open","sticky":false,"template":"","format":"standard","meta":{"footnotes":""},"categories":[3],"tags":[],"class_list":["post-75868","post","type-post","status-publish","format-standard","hentry","category-ultimas-noticias"],"_links":{"self":[{"href":"https:\/\/ic.tecnopc.com.ar\/index.php\/wp-json\/wp\/v2\/posts\/75868","targetHints":{"allow":["GET"]}}],"collection":[{"href":"https:\/\/ic.tecnopc.com.ar\/index.php\/wp-json\/wp\/v2\/posts"}],"about":[{"href":"https:\/\/ic.tecnopc.com.ar\/index.php\/wp-json\/wp\/v2\/types\/post"}],"author":[{"embeddable":true,"href":"https:\/\/ic.tecnopc.com.ar\/index.php\/wp-json\/wp\/v2\/users\/1"}],"replies":[{"embeddable":true,"href":"https:\/\/ic.tecnopc.com.ar\/index.php\/wp-json\/wp\/v2\/comments?post=75868"}],"version-history":[{"count":0,"href":"https:\/\/ic.tecnopc.com.ar\/index.php\/wp-json\/wp\/v2\/posts\/75868\/revisions"}],"wp:attachment":[{"href":"https:\/\/ic.tecnopc.com.ar\/index.php\/wp-json\/wp\/v2\/media?parent=75868"}],"wp:term":[{"taxonomy":"category","embeddable":true,"href":"https:\/\/ic.tecnopc.com.ar\/index.php\/wp-json\/wp\/v2\/categories?post=75868"},{"taxonomy":"post_tag","embeddable":true,"href":"https:\/\/ic.tecnopc.com.ar\/index.php\/wp-json\/wp\/v2\/tags?post=75868"}],"curies":[{"name":"wp","href":"https:\/\/api.w.org\/{rel}","templated":true}]}}