{"id":75879,"date":"2022-03-02T13:29:22","date_gmt":"2022-03-02T16:29:22","guid":{"rendered":"https:\/\/iulianocooreman.com.ar\/es\/?p=75879"},"modified":"2022-03-02T13:29:22","modified_gmt":"2022-03-02T16:29:22","slug":"ley-de-alivio-fiscal-prorroga","status":"publish","type":"post","link":"https:\/\/ic.tecnopc.com.ar\/index.php\/2022\/03\/02\/ley-de-alivio-fiscal-prorroga\/","title":{"rendered":"LEY DE ALIVIO FISCAL: PRORROGA"},"content":{"rendered":"<p style=\"text-align: justify;\"><span style=\"font-weight: 400; font-family: verdana, geneva, sans-serif; color: #3366ff;\">Se prorrogan los plazos con relaci\u00f3n a la adhesi\u00f3n a la Moratoria 2021 y a la solicitud de los beneficios para los contribuyentes cumplidores.<\/span><!--more--><\/p>\n<h2 style=\"text-align: justify;\"><span style=\"font-family: verdana, geneva, sans-serif;\"><b>Hasta el 16 de marzo:<\/b><\/span><\/h2>\n<ul>\n<li style=\"text-align: justify;\"><span style=\"font-weight: 400; font-family: verdana, geneva, sans-serif;\">El plazo para que los sujetos que se encuentran alcanzados por la por el beneficio de la condonaci\u00f3n de deudas puedan solicitarlo.<\/span><\/li>\n<\/ul>\n<h2 style=\"text-align: justify;\"><span style=\"font-family: verdana, geneva, sans-serif;\"><b>Hasta el 10 de marzo:<\/b><\/span><\/h2>\n<ul>\n<li style=\"text-align: justify;\"><span style=\"font-weight: 400; font-family: verdana, geneva, sans-serif;\">La solicitud de la anulaci\u00f3n de los PFP oportunamente presentados mediante el servicio con Clave Fiscal denominado \u201cPresentaciones Digitales\u201d, seleccionando el tr\u00e1mite \u201cPlanes de pago. Anulaciones, cancelaciones anticipadas totales y otras\u201d, a fin de gozar del beneficio de condonaci\u00f3n.<\/span><\/li>\n<li style=\"text-align: justify;\"><span style=\"font-weight: 400; font-family: verdana, geneva, sans-serif;\">El plazo para que los contribuyentes y\/o responsables que no resulten caracterizados como \u201cpeque\u00f1os contribuyentes\u201d y consideren que cumplen los requisitos previstos a tal efecto, puedan acreditar su condici\u00f3n, mediante el servicio con Clave Fiscal denominado \u201cPresentaciones Digitales\u201d, seleccionando el tr\u00e1mite \u201cPeque\u00f1os Contribuyentes \u2013 Caracterizaci\u00f3n Ley 27.653\u201d debiendo aportar la documentaci\u00f3n de respaldo que resulte pertinente.<\/span><\/li>\n<\/ul>\n<h2 style=\"text-align: justify;\"><span style=\"font-family: verdana, geneva, sans-serif;\"><b>Hasta el 25 de marzo:<\/b><\/span><\/h2>\n<ul>\n<li style=\"text-align: justify;\"><span style=\"font-weight: 400; font-family: verdana, geneva, sans-serif;\">La solicitud de la anulaci\u00f3n del acogimiento al r\u00e9gimen de regularizaci\u00f3n mediante el servicio con Clave Fiscal denominado \u201cPresentaciones Digitales\u201d, ante la detecci\u00f3n de errores.<\/span><\/li>\n<\/ul>\n<h2 style=\"text-align: justify;\"><span style=\"font-family: verdana, geneva, sans-serif;\"><b>Hasta el 31 de marzo:<\/b><\/span><\/h2>\n<ul style=\"list-style-type: disc;\">\n<li style=\"text-align: justify;\"><span style=\"font-weight: 400; font-family: verdana, geneva, sans-serif;\">La posibilidad de adhesi\u00f3n a la moratoria de los contribuyentes en estado falencial.<\/span><\/li>\n<li style=\"text-align: justify;\"><span style=\"font-weight: 400; font-family: verdana, geneva, sans-serif;\">La solicitud de rehabilitaci\u00f3n de los planes de facilidades de pago formulados en el marco del r\u00e9gimen de regularizaci\u00f3n dispuesto por la ley 27541, cuya caducidad haya acaecido hasta el 31\/08\/2021.<\/span><\/li>\n<li style=\"text-align: justify;\"><span style=\"font-weight: 400; font-family: verdana, geneva, sans-serif;\">La solicitud de los beneficios para contribuyentes cumplidores<\/span><\/li>\n<li style=\"text-align: justify;\"><span style=\"font-weight: 400; font-family: verdana, geneva, sans-serif;\">Plazo para que los contribuyentes del r\u00e9gimen simplificado soliciten la regularizaci\u00f3n de sus deudas devengadas al 30\/06\/2021 seg\u00fan R.G. (AFIP) 5034.<\/span><\/li>\n<\/ul>\n","protected":false},"excerpt":{"rendered":"<p>Se prorrogan los plazos con relaci\u00f3n a la adhesi\u00f3n a la Moratoria 2021 y a la solicitud de los beneficios para los contribuyentes cumplidores.<\/p>\n","protected":false},"author":1,"featured_media":0,"comment_status":"closed","ping_status":"open","sticky":false,"template":"","format":"standard","meta":{"footnotes":""},"categories":[3],"tags":[],"class_list":["post-75879","post","type-post","status-publish","format-standard","hentry","category-ultimas-noticias"],"_links":{"self":[{"href":"https:\/\/ic.tecnopc.com.ar\/index.php\/wp-json\/wp\/v2\/posts\/75879","targetHints":{"allow":["GET"]}}],"collection":[{"href":"https:\/\/ic.tecnopc.com.ar\/index.php\/wp-json\/wp\/v2\/posts"}],"about":[{"href":"https:\/\/ic.tecnopc.com.ar\/index.php\/wp-json\/wp\/v2\/types\/post"}],"author":[{"embeddable":true,"href":"https:\/\/ic.tecnopc.com.ar\/index.php\/wp-json\/wp\/v2\/users\/1"}],"replies":[{"embeddable":true,"href":"https:\/\/ic.tecnopc.com.ar\/index.php\/wp-json\/wp\/v2\/comments?post=75879"}],"version-history":[{"count":0,"href":"https:\/\/ic.tecnopc.com.ar\/index.php\/wp-json\/wp\/v2\/posts\/75879\/revisions"}],"wp:attachment":[{"href":"https:\/\/ic.tecnopc.com.ar\/index.php\/wp-json\/wp\/v2\/media?parent=75879"}],"wp:term":[{"taxonomy":"category","embeddable":true,"href":"https:\/\/ic.tecnopc.com.ar\/index.php\/wp-json\/wp\/v2\/categories?post=75879"},{"taxonomy":"post_tag","embeddable":true,"href":"https:\/\/ic.tecnopc.com.ar\/index.php\/wp-json\/wp\/v2\/tags?post=75879"}],"curies":[{"name":"wp","href":"https:\/\/api.w.org\/{rel}","templated":true}]}}