{"id":75884,"date":"2022-03-11T11:15:19","date_gmt":"2022-03-11T14:15:19","guid":{"rendered":"https:\/\/iulianocooreman.com.ar\/es\/?p=75884"},"modified":"2022-03-11T11:15:19","modified_gmt":"2022-03-11T14:15:19","slug":"factura-m-otra-barrera-operativa","status":"publish","type":"post","link":"https:\/\/ic.tecnopc.com.ar\/index.php\/2022\/03\/11\/factura-m-otra-barrera-operativa\/","title":{"rendered":"FACTURA \u201cM\u201d: OTRA BARRERA OPERATIVA"},"content":{"rendered":"<p style=\"text-align: justify;\"><span style=\"font-weight: 400; font-family: verdana, geneva, sans-serif; color: #3366ff;\">Afip comenz\u00f3 a sancionar con Factura M, a contribuyentes cumplidores. Hasta el momento sin solvencia se pod\u00eda acceder a Facturas \u201cA\u201d con leyenda \u201cOPERACI\u00d3N SUJETA A RETENCI\u00d3N\u201d, pero cuando adem\u00e1s exist\u00eda alg\u00fan incumplimiento o irregularidad, s\u00f3lo pod\u00edan emitir Facturas \u201cM\u201d.\u00a0<\/span><!--more--><\/p>\n<p style=\"text-align: justify;\"><span style=\"font-weight: 400; font-family: verdana, geneva, sans-serif;\">Aplicando normativa del a\u00f1o 2019 aunque el contribuyente haya cumplido sus obligaciones fiscales, si no registra operaciones en por lo menos DOS MESES una vez transcurrido un cuatrimestre calendario contar\u00e1 con Factura M.<\/span><\/p>\n<p style=\"text-align: justify;\"><span style=\"font-weight: 400; font-family: verdana, geneva, sans-serif;\">Otras causales para ser sancionado con facturas \u201cM\u201d.<\/span><\/p>\n<ol style=\"text-align: justify;\">\n<li><span style=\"font-weight: 400; font-family: verdana, geneva, sans-serif;\"> Inconsistencias en la relaci\u00f3n entre los montos facturados y la capacidad t\u00e9cnico &#8211; econ\u00f3mica para realizar las prestaciones de servicios y\/o ventas de bienes.<\/span><\/li>\n<li><span style=\"font-weight: 400; font-family: verdana, geneva, sans-serif;\"> Irregularidades o incumplimientos vinculados a las obligaciones fiscales.<\/span><\/li>\n<\/ol>\n<p style=\"text-align: justify;\"><span style=\"font-weight: 400; font-family: verdana, geneva, sans-serif;\">PAR\u00c1METROS DE CONTROL<\/span><\/p>\n<ol>\n<li style=\"text-align: justify;\"><span style=\"font-weight: 400; font-family: verdana, geneva, sans-serif;\"> Relaci\u00f3n montos de facturaci\u00f3n\/Personal declarado\/Actividad\/es declarada\/s.<\/span><\/li>\n<li style=\"text-align: justify;\"><span style=\"font-weight: 400; font-family: verdana, geneva, sans-serif;\"> Relaci\u00f3n montos de facturaci\u00f3n\/acreditaciones bancarias.<\/span><\/li>\n<li style=\"text-align: justify;\"><span style=\"font-weight: 400; font-family: verdana, geneva, sans-serif;\"> Relaci\u00f3n montos de facturaci\u00f3n\/bienes registrables.<\/span><\/li>\n<li style=\"text-align: justify;\"><span style=\"font-weight: 400; font-family: verdana, geneva, sans-serif;\"> Relaci\u00f3n montos de facturaci\u00f3n\/pagos de impuestos realizados.<\/span><\/li>\n<li style=\"text-align: justify;\"><span style=\"font-weight: 400; font-family: verdana, geneva, sans-serif;\"> Calificaci\u00f3n asignada por el sistema inform\u00e1tico denominado \u201cSistema de Perfil de Riesgo (SIPER)\u201d.<\/span><\/li>\n<li style=\"text-align: justify;\"><span style=\"font-weight: 400; font-family: verdana, geneva, sans-serif;\"> Informaci\u00f3n de terceros.<\/span><\/li>\n<li style=\"text-align: justify;\"><span style=\"font-weight: 400; font-family: verdana, geneva, sans-serif;\"> Falta de presentaci\u00f3n de declaraciones juradas determinativas.<\/span><\/li>\n<li style=\"text-align: justify;\"><span style=\"font-weight: 400; font-family: verdana, geneva, sans-serif;\"> Falta de presentaci\u00f3n del r\u00e9gimen informativo de compras y ventas establecido por la Resoluci\u00f3n General N\u00b0 3.685.<\/span><\/li>\n<li style=\"text-align: justify;\"><span style=\"font-weight: 400; font-family: verdana, geneva, sans-serif;\"> Relaci\u00f3n inconsistente entre el d\u00e9bito fiscal y el cr\u00e9dito fiscal del impuesto al valor agregado.<\/span><\/li>\n<li style=\"text-align: justify;\"><span style=\"font-weight: 400; font-family: verdana, geneva, sans-serif;\"> Diferencias relevantes entre el d\u00e9bito fiscal declarado en el impuesto al valor agregado y d\u00e9bito fiscal facturado en forma electr\u00f3nica.<\/span><\/li>\n<li style=\"text-align: justify;\"><span style=\"font-weight: 400; font-family: verdana, geneva, sans-serif;\"> Inconsistencias en el\/los domicilio\/s declarado\/s.<\/span><\/li>\n<li style=\"text-align: justify;\"><span style=\"font-weight: 400; font-family: verdana, geneva, sans-serif;\"> Antig\u00fcedad como empleador.<\/span><\/li>\n<\/ol>\n","protected":false},"excerpt":{"rendered":"<p>Afip comenz\u00f3 a sancionar con Factura M, a contribuyentes cumplidores. Hasta el momento sin solvencia se pod\u00eda acceder a Facturas \u201cA\u201d con leyenda \u201cOPERACI\u00d3N SUJETA A RETENCI\u00d3N\u201d, pero cuando adem\u00e1s exist\u00eda alg\u00fan incumplimiento o irregularidad, s\u00f3lo pod\u00edan emitir Facturas \u201cM\u201d.\u00a0<\/p>\n","protected":false},"author":1,"featured_media":0,"comment_status":"closed","ping_status":"open","sticky":false,"template":"","format":"standard","meta":{"footnotes":""},"categories":[3],"tags":[],"class_list":["post-75884","post","type-post","status-publish","format-standard","hentry","category-ultimas-noticias"],"_links":{"self":[{"href":"https:\/\/ic.tecnopc.com.ar\/index.php\/wp-json\/wp\/v2\/posts\/75884","targetHints":{"allow":["GET"]}}],"collection":[{"href":"https:\/\/ic.tecnopc.com.ar\/index.php\/wp-json\/wp\/v2\/posts"}],"about":[{"href":"https:\/\/ic.tecnopc.com.ar\/index.php\/wp-json\/wp\/v2\/types\/post"}],"author":[{"embeddable":true,"href":"https:\/\/ic.tecnopc.com.ar\/index.php\/wp-json\/wp\/v2\/users\/1"}],"replies":[{"embeddable":true,"href":"https:\/\/ic.tecnopc.com.ar\/index.php\/wp-json\/wp\/v2\/comments?post=75884"}],"version-history":[{"count":0,"href":"https:\/\/ic.tecnopc.com.ar\/index.php\/wp-json\/wp\/v2\/posts\/75884\/revisions"}],"wp:attachment":[{"href":"https:\/\/ic.tecnopc.com.ar\/index.php\/wp-json\/wp\/v2\/media?parent=75884"}],"wp:term":[{"taxonomy":"category","embeddable":true,"href":"https:\/\/ic.tecnopc.com.ar\/index.php\/wp-json\/wp\/v2\/categories?post=75884"},{"taxonomy":"post_tag","embeddable":true,"href":"https:\/\/ic.tecnopc.com.ar\/index.php\/wp-json\/wp\/v2\/tags?post=75884"}],"curies":[{"name":"wp","href":"https:\/\/api.w.org\/{rel}","templated":true}]}}