{"id":75947,"date":"2022-07-01T16:16:29","date_gmt":"2022-07-01T19:16:29","guid":{"rendered":"https:\/\/iulianocooreman.com.ar\/es\/?p=75947"},"modified":"2022-07-01T16:16:29","modified_gmt":"2022-07-01T19:16:29","slug":"fin-de-la-doble-indemnizacion","status":"publish","type":"post","link":"https:\/\/ic.tecnopc.com.ar\/index.php\/2022\/07\/01\/fin-de-la-doble-indemnizacion\/","title":{"rendered":"FIN DE LA DOBLE INDEMNIZACI\u00d3N"},"content":{"rendered":"<p style=\"text-align: justify;\"><span style=\"font-size: 14pt;\"><span style=\"font-weight: 400; font-family: verdana, geneva, sans-serif; color: #3366ff;\">No se renov\u00f3 la doble indemnizaci\u00f3n por despidos, medida de emergencia adoptada durante la pandemia.<\/span><!--more--><\/span><\/p>\n<p style=\"text-align: justify;\"><span style=\"font-weight: 400; font-family: verdana, geneva, sans-serif; font-size: 14pt;\">Ayer finaliz\u00f3, y no habr\u00e1 renovaci\u00f3n de la medida, luego del decreto de fines del a\u00f1o pasado que la fue reduciendo de manera paulatina.<\/span><\/p>\n<p style=\"text-align: justify;\"><span style=\"font-weight: 400; font-family: verdana, geneva, sans-serif; font-size: 14pt;\">La prohibici\u00f3n de despidos y la doble indemnizaci\u00f3n fueron dos medidas establecidas por la gesti\u00f3n de Alberto Fern\u00e1ndez en el contexto de la emergencia sanitaria decretada por la pandemia de coronavirus.<\/span><\/p>\n<p style=\"text-align: justify;\"><span style=\"font-weight: 400; font-family: verdana, geneva, sans-serif; font-size: 14pt;\">La medida dictada en aras de preservar la paz social y para no agravar los problemas causados por la pandemia, a juicio de las autoridades no es necesaria en este momento.<\/span><\/p>\n","protected":false},"excerpt":{"rendered":"<p>No se renov\u00f3 la doble indemnizaci\u00f3n por despidos, medida de emergencia adoptada durante la pandemia.<\/p>\n","protected":false},"author":1,"featured_media":0,"comment_status":"closed","ping_status":"open","sticky":false,"template":"","format":"standard","meta":{"footnotes":""},"categories":[3],"tags":[],"class_list":["post-75947","post","type-post","status-publish","format-standard","hentry","category-ultimas-noticias"],"_links":{"self":[{"href":"https:\/\/ic.tecnopc.com.ar\/index.php\/wp-json\/wp\/v2\/posts\/75947","targetHints":{"allow":["GET"]}}],"collection":[{"href":"https:\/\/ic.tecnopc.com.ar\/index.php\/wp-json\/wp\/v2\/posts"}],"about":[{"href":"https:\/\/ic.tecnopc.com.ar\/index.php\/wp-json\/wp\/v2\/types\/post"}],"author":[{"embeddable":true,"href":"https:\/\/ic.tecnopc.com.ar\/index.php\/wp-json\/wp\/v2\/users\/1"}],"replies":[{"embeddable":true,"href":"https:\/\/ic.tecnopc.com.ar\/index.php\/wp-json\/wp\/v2\/comments?post=75947"}],"version-history":[{"count":0,"href":"https:\/\/ic.tecnopc.com.ar\/index.php\/wp-json\/wp\/v2\/posts\/75947\/revisions"}],"wp:attachment":[{"href":"https:\/\/ic.tecnopc.com.ar\/index.php\/wp-json\/wp\/v2\/media?parent=75947"}],"wp:term":[{"taxonomy":"category","embeddable":true,"href":"https:\/\/ic.tecnopc.com.ar\/index.php\/wp-json\/wp\/v2\/categories?post=75947"},{"taxonomy":"post_tag","embeddable":true,"href":"https:\/\/ic.tecnopc.com.ar\/index.php\/wp-json\/wp\/v2\/tags?post=75947"}],"curies":[{"name":"wp","href":"https:\/\/api.w.org\/{rel}","templated":true}]}}