{"id":75961,"date":"2022-07-18T18:04:37","date_gmt":"2022-07-18T21:04:37","guid":{"rendered":"https:\/\/iulianocooreman.com.ar\/es\/?p=75961"},"modified":"2022-07-18T18:04:37","modified_gmt":"2022-07-18T21:04:37","slug":"afip-feria-fiscal-2","status":"publish","type":"post","link":"https:\/\/ic.tecnopc.com.ar\/index.php\/2022\/07\/18\/afip-feria-fiscal-2\/","title":{"rendered":"AFIP: FERIA FISCAL"},"content":{"rendered":"<p style=\"text-align: justify;\"><span style=\"font-weight: 400; font-family: verdana, geneva, sans-serif; font-size: 14pt; color: #3366ff;\">Ser\u00e1 entre el 18 y 29 de julio, inclusive.<\/span><!--more--><\/p>\n<p style=\"text-align: justify;\"><span style=\"font-weight: 400; font-family: verdana, geneva, sans-serif; font-size: 14pt;\">La AFIP dispuso que la feria fiscal de invierno se extender\u00e1 entre los d\u00edas 18 y 29 de julio, ambos inclusive. La medida, establece la suspensi\u00f3n del c\u00f3mputo de los plazos vigentes en determinaciones de oficio, sumarios, multas, descargos, intimaciones y clausuras.<\/span><\/p>\n<p style=\"text-align: justify;\"><span style=\"font-weight: 400; font-family: verdana, geneva, sans-serif; font-size: 14pt;\">No tiene efecto respecto de las fechas de vencimiento para la presentaci\u00f3n de las declaraciones juradas determinativas o informativas como as\u00ed tampoco para el pago de los tributos.\u00a0<\/span><\/p>\n<p style=\"text-align: justify;\"><span style=\"font-weight: 400; font-family: verdana, geneva, sans-serif; font-size: 14pt;\">Si la AFIP efect\u00faa una notificaci\u00f3n durante la feria, se tendr\u00e1 por practicada el primero de agosto pr\u00f3ximo, aunque los plazos se deber\u00e1n contar a partir del d\u00eda h\u00e1bil siguiente, el 2 del mes pr\u00f3ximo.<\/span><\/p>\n","protected":false},"excerpt":{"rendered":"<p>Ser\u00e1 entre el 18 y 29 de julio, inclusive.<\/p>\n","protected":false},"author":1,"featured_media":0,"comment_status":"closed","ping_status":"open","sticky":false,"template":"","format":"standard","meta":{"footnotes":""},"categories":[3],"tags":[],"class_list":["post-75961","post","type-post","status-publish","format-standard","hentry","category-ultimas-noticias"],"_links":{"self":[{"href":"https:\/\/ic.tecnopc.com.ar\/index.php\/wp-json\/wp\/v2\/posts\/75961","targetHints":{"allow":["GET"]}}],"collection":[{"href":"https:\/\/ic.tecnopc.com.ar\/index.php\/wp-json\/wp\/v2\/posts"}],"about":[{"href":"https:\/\/ic.tecnopc.com.ar\/index.php\/wp-json\/wp\/v2\/types\/post"}],"author":[{"embeddable":true,"href":"https:\/\/ic.tecnopc.com.ar\/index.php\/wp-json\/wp\/v2\/users\/1"}],"replies":[{"embeddable":true,"href":"https:\/\/ic.tecnopc.com.ar\/index.php\/wp-json\/wp\/v2\/comments?post=75961"}],"version-history":[{"count":0,"href":"https:\/\/ic.tecnopc.com.ar\/index.php\/wp-json\/wp\/v2\/posts\/75961\/revisions"}],"wp:attachment":[{"href":"https:\/\/ic.tecnopc.com.ar\/index.php\/wp-json\/wp\/v2\/media?parent=75961"}],"wp:term":[{"taxonomy":"category","embeddable":true,"href":"https:\/\/ic.tecnopc.com.ar\/index.php\/wp-json\/wp\/v2\/categories?post=75961"},{"taxonomy":"post_tag","embeddable":true,"href":"https:\/\/ic.tecnopc.com.ar\/index.php\/wp-json\/wp\/v2\/tags?post=75961"}],"curies":[{"name":"wp","href":"https:\/\/api.w.org\/{rel}","templated":true}]}}