{"id":76072,"date":"2023-01-16T15:02:41","date_gmt":"2023-01-16T18:02:41","guid":{"rendered":"https:\/\/iulianocooreman.com.ar\/es\/?p=76072"},"modified":"2023-01-16T15:02:41","modified_gmt":"2023-01-16T18:02:41","slug":"blanqueo-se-incluyeron-inmuebles-usados","status":"publish","type":"post","link":"https:\/\/ic.tecnopc.com.ar\/index.php\/2023\/01\/16\/blanqueo-se-incluyeron-inmuebles-usados\/","title":{"rendered":"BLANQUEO: SE INCLUYERON INMUEBLES USADOS"},"content":{"rendered":"<p style=\"text-align: justify;\"><span style=\"font-weight: 400; font-family: verdana, geneva, sans-serif; font-size: 14pt; color: #3366ff;\">El nuevo decreto, ampl\u00eda los rubros de inversi\u00f3n, pero la AFIP debe dictar las normas complementarias sobre la mec\u00e1nica de compra del inmueble usado y sobre el cumplimiento de los requisitos y destinos.<\/span><!--more--><\/p>\n<p style=\"text-align: justify;\"><span style=\"font-weight: 400; font-family: verdana, geneva, sans-serif; font-size: 14pt;\">En el caso del inmueble usado, el decreto detalla que son todos aquellos que \u201chubiesen estado habitados o afectados a arrendamiento, uso, usufructo, habitaci\u00f3n, anticresis, superficie u otros derechos reales\u201d. No pueden ser unidades construidas que nunca fueron usadas.<\/span><\/p>\n<p style=\"text-align: justify;\"><span style=\"font-family: verdana, geneva, sans-serif; font-size: 14pt;\"><span style=\"font-weight: 400;\">Adem\u00e1s, el decreto aclara que el inmueble \u201cafectado a <\/span><span style=\"font-weight: 400;\">locaci\u00f3n<\/span><span style=\"font-weight: 400;\"> con destino exclusivo a casa-habitaci\u00f3n, el locatario no deber\u00e1 resultar titular de ning\u00fan inmueble, cualquiera sea la proporci\u00f3n\u201d y su plazo no podr\u00e1 ser menor de 10 a\u00f1os.<\/span><\/span><\/p>\n<p style=\"text-align: justify;\"><span style=\"font-weight: 400; font-family: verdana, geneva, sans-serif; font-size: 14pt;\">Este impuesto no puede ser abonado con dinero blanqueado en la operaci\u00f3n, por lo que es necesario contar con dichos importes disponibles para afrontar el pago del tributo.<\/span><\/p>\n","protected":false},"excerpt":{"rendered":"<p>El nuevo decreto, ampl\u00eda los rubros de inversi\u00f3n, pero la AFIP debe dictar las normas complementarias sobre la mec\u00e1nica de compra del inmueble usado y sobre el cumplimiento de los requisitos y destinos.<\/p>\n","protected":false},"author":1,"featured_media":0,"comment_status":"closed","ping_status":"open","sticky":false,"template":"","format":"standard","meta":{"footnotes":""},"categories":[3],"tags":[],"class_list":["post-76072","post","type-post","status-publish","format-standard","hentry","category-ultimas-noticias"],"_links":{"self":[{"href":"https:\/\/ic.tecnopc.com.ar\/index.php\/wp-json\/wp\/v2\/posts\/76072","targetHints":{"allow":["GET"]}}],"collection":[{"href":"https:\/\/ic.tecnopc.com.ar\/index.php\/wp-json\/wp\/v2\/posts"}],"about":[{"href":"https:\/\/ic.tecnopc.com.ar\/index.php\/wp-json\/wp\/v2\/types\/post"}],"author":[{"embeddable":true,"href":"https:\/\/ic.tecnopc.com.ar\/index.php\/wp-json\/wp\/v2\/users\/1"}],"replies":[{"embeddable":true,"href":"https:\/\/ic.tecnopc.com.ar\/index.php\/wp-json\/wp\/v2\/comments?post=76072"}],"version-history":[{"count":0,"href":"https:\/\/ic.tecnopc.com.ar\/index.php\/wp-json\/wp\/v2\/posts\/76072\/revisions"}],"wp:attachment":[{"href":"https:\/\/ic.tecnopc.com.ar\/index.php\/wp-json\/wp\/v2\/media?parent=76072"}],"wp:term":[{"taxonomy":"category","embeddable":true,"href":"https:\/\/ic.tecnopc.com.ar\/index.php\/wp-json\/wp\/v2\/categories?post=76072"},{"taxonomy":"post_tag","embeddable":true,"href":"https:\/\/ic.tecnopc.com.ar\/index.php\/wp-json\/wp\/v2\/tags?post=76072"}],"curies":[{"name":"wp","href":"https:\/\/api.w.org\/{rel}","templated":true}]}}