{"id":76074,"date":"2023-01-16T19:38:32","date_gmt":"2023-01-16T22:38:32","guid":{"rendered":"https:\/\/iulianocooreman.com.ar\/es\/?p=76074"},"modified":"2023-01-16T19:38:32","modified_gmt":"2023-01-16T22:38:32","slug":"retenciones-a-empleados-nuevas-deducciones","status":"publish","type":"post","link":"https:\/\/ic.tecnopc.com.ar\/index.php\/2023\/01\/16\/retenciones-a-empleados-nuevas-deducciones\/","title":{"rendered":"RETENCIONES A EMPLEADOS: NUEVAS DEDUCCIONES"},"content":{"rendered":"<p style=\"text-align: justify;\"><span style=\"font-weight: 400; font-family: verdana, geneva, sans-serif; font-size: 14pt; color: #3366ff;\">La AFIP ha modificado el r\u00e9gimen de retenci\u00f3n para empleados en relaci\u00f3n de dependencia, permitiendo deducir servicios educativos y las herramientas que se utilicen en ellos.<\/span><!--more--><\/p>\n<p style=\"text-align: justify;\"><span style=\"font-weight: 400; font-family: verdana, geneva, sans-serif; font-size: 14pt;\">La AFIP modific\u00f3 el r\u00e9gimen de retenci\u00f3n para empleados en relaci\u00f3n de dependencia, incorporando como concepto deducible de la base de c\u00e1lculo de la retenci\u00f3n, a los pagos efectuados por el empleado en concepto de servicios con fines educativos y las herramientas destinadas a esos efectos, y tambi\u00e9n establece los requisitos pertinentes para su c\u00f3mputo en el per\u00edodo fiscal 2022.<\/span><\/p>\n<p style=\"text-align: justify;\"><span style=\"font-weight: 400; font-family: verdana, geneva, sans-serif; font-size: 14pt;\">Adem\u00e1s, el Organismo Fiscal adec\u00faa las previsiones relacionadas con las deducciones de la actividad de transporte terrestre de larga distancia.<\/span><\/p>\n<p style=\"text-align: justify;\"><span style=\"font-weight: 400; font-family: verdana, geneva, sans-serif; font-size: 14pt;\">Recordar, que el F.572 vence el 31\/03\/2023 y es un derecho que tiene el empleado para que su retenci\u00f3n sea la correcta.<\/span><\/p>\n","protected":false},"excerpt":{"rendered":"<p>La AFIP ha modificado el r\u00e9gimen de retenci\u00f3n para empleados en relaci\u00f3n de dependencia, permitiendo deducir servicios educativos y las herramientas que se utilicen en ellos.<\/p>\n","protected":false},"author":1,"featured_media":0,"comment_status":"closed","ping_status":"open","sticky":false,"template":"","format":"standard","meta":{"footnotes":""},"categories":[3],"tags":[],"class_list":["post-76074","post","type-post","status-publish","format-standard","hentry","category-ultimas-noticias"],"_links":{"self":[{"href":"https:\/\/ic.tecnopc.com.ar\/index.php\/wp-json\/wp\/v2\/posts\/76074","targetHints":{"allow":["GET"]}}],"collection":[{"href":"https:\/\/ic.tecnopc.com.ar\/index.php\/wp-json\/wp\/v2\/posts"}],"about":[{"href":"https:\/\/ic.tecnopc.com.ar\/index.php\/wp-json\/wp\/v2\/types\/post"}],"author":[{"embeddable":true,"href":"https:\/\/ic.tecnopc.com.ar\/index.php\/wp-json\/wp\/v2\/users\/1"}],"replies":[{"embeddable":true,"href":"https:\/\/ic.tecnopc.com.ar\/index.php\/wp-json\/wp\/v2\/comments?post=76074"}],"version-history":[{"count":0,"href":"https:\/\/ic.tecnopc.com.ar\/index.php\/wp-json\/wp\/v2\/posts\/76074\/revisions"}],"wp:attachment":[{"href":"https:\/\/ic.tecnopc.com.ar\/index.php\/wp-json\/wp\/v2\/media?parent=76074"}],"wp:term":[{"taxonomy":"category","embeddable":true,"href":"https:\/\/ic.tecnopc.com.ar\/index.php\/wp-json\/wp\/v2\/categories?post=76074"},{"taxonomy":"post_tag","embeddable":true,"href":"https:\/\/ic.tecnopc.com.ar\/index.php\/wp-json\/wp\/v2\/tags?post=76074"}],"curies":[{"name":"wp","href":"https:\/\/api.w.org\/{rel}","templated":true}]}}