{"id":76154,"date":"2023-04-19T15:08:19","date_gmt":"2023-04-19T18:08:19","guid":{"rendered":"https:\/\/iulianocooreman.com.ar\/es\/?p=76154"},"modified":"2023-04-19T15:08:19","modified_gmt":"2023-04-19T18:08:19","slug":"afip-alarmante-aumento-de-tasas","status":"publish","type":"post","link":"https:\/\/ic.tecnopc.com.ar\/index.php\/2023\/04\/19\/afip-alarmante-aumento-de-tasas\/","title":{"rendered":"AFIP: ALARMANTE AUMENTO DE TASAS"},"content":{"rendered":"<p style=\"text-align: justify;\"><span style=\"font-family: helvetica; color: #3366ff;\"><span style=\"font-weight: 400;\">Las cuotas de los\u00a0<\/span><a style=\"color: #3366ff;\" href=\"https:\/\/www.cronista.com\/tools\/redirect.php?t=3&amp;i=658507&amp;s=291747de200da4b53f658c87a95b22c9\"><span style=\"font-weight: 400;\">planes de pago<\/span><\/a><span style=\"font-weight: 400;\">\u00a0que el Gobierno dispuso en pandemia para personas humanas y peque\u00f1as empresas aumentar\u00e1n hasta tres veces su valor.<\/span><\/span><!--more--><\/p>\n<p style=\"text-align: justify;\"><span style=\"font-weight: 400; font-family: helvetica;\">Este plan surgi\u00f3 por\u00a0Ley 27.653, en el\u00a0contexto econ\u00f3mico\u00a0de la\u00a0pandemia, pero el pa\u00eds sigue sumergido en una crisis brutal: 100% de inflaci\u00f3n, sequ\u00eda, falta de d\u00f3lares.<\/span><\/p>\n<p style=\"text-align: justify;\"><span style=\"font-weight: 400; font-family: helvetica;\">Por eso no se entiende un aumento del 18% al 70% anual, que es menor a la inflaci\u00f3n interanual pero no es viable en la actual situaci\u00f3n econ\u00f3mica.\u00a0<\/span><\/p>\n<p style=\"text-align: justify;\"><span style=\"font-weight: 400; font-family: helvetica;\">Este aumento afectar\u00e1 a MiPyMEs, entidades sin fines de lucro\u00a0y a\u00a0personas humanas y sucesiones indivisas\u00a0de peque\u00f1os contribuyentes.<\/span><\/p>\n<p style=\"text-align: justify;\"><span style=\"font-weight: 400; font-family: helvetica;\">La caducidad de los planes de pago puede generar graves consecuencias como el\u00a0resurgimiento de intereses y sanciones\u00a0condonadas, as\u00ed como\u00a0acciones penales tributarias y aduaneras.<\/span><\/p>\n","protected":false},"excerpt":{"rendered":"<p>Las cuotas de los\u00a0planes de pago\u00a0que el Gobierno dispuso en pandemia para personas humanas y peque\u00f1as empresas aumentar\u00e1n hasta tres veces su valor.<\/p>\n","protected":false},"author":1,"featured_media":0,"comment_status":"closed","ping_status":"open","sticky":false,"template":"","format":"standard","meta":{"footnotes":""},"categories":[3],"tags":[],"class_list":["post-76154","post","type-post","status-publish","format-standard","hentry","category-ultimas-noticias"],"_links":{"self":[{"href":"https:\/\/ic.tecnopc.com.ar\/index.php\/wp-json\/wp\/v2\/posts\/76154","targetHints":{"allow":["GET"]}}],"collection":[{"href":"https:\/\/ic.tecnopc.com.ar\/index.php\/wp-json\/wp\/v2\/posts"}],"about":[{"href":"https:\/\/ic.tecnopc.com.ar\/index.php\/wp-json\/wp\/v2\/types\/post"}],"author":[{"embeddable":true,"href":"https:\/\/ic.tecnopc.com.ar\/index.php\/wp-json\/wp\/v2\/users\/1"}],"replies":[{"embeddable":true,"href":"https:\/\/ic.tecnopc.com.ar\/index.php\/wp-json\/wp\/v2\/comments?post=76154"}],"version-history":[{"count":0,"href":"https:\/\/ic.tecnopc.com.ar\/index.php\/wp-json\/wp\/v2\/posts\/76154\/revisions"}],"wp:attachment":[{"href":"https:\/\/ic.tecnopc.com.ar\/index.php\/wp-json\/wp\/v2\/media?parent=76154"}],"wp:term":[{"taxonomy":"category","embeddable":true,"href":"https:\/\/ic.tecnopc.com.ar\/index.php\/wp-json\/wp\/v2\/categories?post=76154"},{"taxonomy":"post_tag","embeddable":true,"href":"https:\/\/ic.tecnopc.com.ar\/index.php\/wp-json\/wp\/v2\/tags?post=76154"}],"curies":[{"name":"wp","href":"https:\/\/api.w.org\/{rel}","templated":true}]}}