{"id":76190,"date":"2023-06-05T10:37:20","date_gmt":"2023-06-05T13:37:20","guid":{"rendered":"https:\/\/iulianocooreman.com.ar\/es\/?p=76190"},"modified":"2023-06-05T10:37:20","modified_gmt":"2023-06-05T13:37:20","slug":"nueva-retencion-de-iva-para-ventas-por-internet","status":"publish","type":"post","link":"https:\/\/ic.tecnopc.com.ar\/index.php\/2023\/06\/05\/nueva-retencion-de-iva-para-ventas-por-internet\/","title":{"rendered":"NUEVA RETENCI\u00d3N DE IVA PARA VENTAS POR INTERNET"},"content":{"rendered":"<p style=\"text-align: justify;\" align=\"justify\"><span style=\"font-family: helvetica; color: #3366ff;\">A partir del 1\u00b0 de abril habr\u00e1 nuevas retenciones de IVA para las operaciones de ventas de cosas muebles, nuevas y usadas, y las prestaciones y locaciones de servicios, que se contraten por las <u>plataformas digitales<\/u><\/span><!--more--><\/p>\n<p style=\"text-align: justify;\" align=\"justify\"><span style=\"font-family: helvetica;\">La AFIP estableci\u00f3 un nuevo r\u00e9gimen de ingreso del IVA, que ser\u00e1 retenido directamente por las plataformas digitales y no por el sujeto pagador.<\/span><\/p>\n<p style=\"text-align: justify;\" align=\"justify\"><span style=\"font-family: helvetica;\">Las al\u00edcuotas a retener ser\u00e1n las siguientes:<\/span><\/p>\n<ol style=\"text-align: justify;\" type=\"a\">\n<li>\n<p align=\"justify\"><span style=\"font-family: helvetica;\"><u>Responsables Inscriptos<\/u> en IVA: De acuerdo al <u>nivel de cumplimiento<\/u>: <b>del 1% al 8%<\/b><\/span><\/p>\n<\/li>\n<li>\n<p align=\"justify\"><span style=\"font-family: helvetica;\"><u>Monotributistas<\/u>: <u>Si se exceden<\/u> de sus l\u00edmites <b>8%<\/b><\/span><\/p>\n<\/li>\n<\/ol>\n<p style=\"text-align: justify;\" align=\"justify\"><span style=\"font-family: helvetica;\">La n\u00f3mina de Agentes de Retenci\u00f3n es la siguiente, y podr\u00e1 tener modificaciones:<\/span><\/p>\n<p align=\"justify\"><img loading=\"lazy\" decoding=\"async\" class=\"aligncenter  wp-image-76191\" src=\"https:\/\/ic.tecnopc.com.ar\/wp-content\/uploads\/2023\/06\/tabla-NUEVA-RETENCION-DE-IVA-PARA-VENTAS-POR-INTERNET.png\" alt=\"\" width=\"294\" height=\"406\" srcset=\"https:\/\/ic.tecnopc.com.ar\/wp-content\/uploads\/2023\/06\/tabla-NUEVA-RETENCION-DE-IVA-PARA-VENTAS-POR-INTERNET.png 416w, https:\/\/ic.tecnopc.com.ar\/wp-content\/uploads\/2023\/06\/tabla-NUEVA-RETENCION-DE-IVA-PARA-VENTAS-POR-INTERNET-217x300.png 217w\" sizes=\"auto, (max-width: 294px) 100vw, 294px\" \/><\/p>\n","protected":false},"excerpt":{"rendered":"<p>A partir del 1\u00b0 de abril habr\u00e1 nuevas retenciones de IVA para las operaciones de ventas de cosas muebles, nuevas y usadas, y las prestaciones y locaciones de servicios, que se contraten por las plataformas digitales<\/p>\n","protected":false},"author":1,"featured_media":0,"comment_status":"closed","ping_status":"open","sticky":false,"template":"","format":"standard","meta":{"footnotes":""},"categories":[3],"tags":[],"class_list":["post-76190","post","type-post","status-publish","format-standard","hentry","category-ultimas-noticias"],"_links":{"self":[{"href":"https:\/\/ic.tecnopc.com.ar\/index.php\/wp-json\/wp\/v2\/posts\/76190","targetHints":{"allow":["GET"]}}],"collection":[{"href":"https:\/\/ic.tecnopc.com.ar\/index.php\/wp-json\/wp\/v2\/posts"}],"about":[{"href":"https:\/\/ic.tecnopc.com.ar\/index.php\/wp-json\/wp\/v2\/types\/post"}],"author":[{"embeddable":true,"href":"https:\/\/ic.tecnopc.com.ar\/index.php\/wp-json\/wp\/v2\/users\/1"}],"replies":[{"embeddable":true,"href":"https:\/\/ic.tecnopc.com.ar\/index.php\/wp-json\/wp\/v2\/comments?post=76190"}],"version-history":[{"count":0,"href":"https:\/\/ic.tecnopc.com.ar\/index.php\/wp-json\/wp\/v2\/posts\/76190\/revisions"}],"wp:attachment":[{"href":"https:\/\/ic.tecnopc.com.ar\/index.php\/wp-json\/wp\/v2\/media?parent=76190"}],"wp:term":[{"taxonomy":"category","embeddable":true,"href":"https:\/\/ic.tecnopc.com.ar\/index.php\/wp-json\/wp\/v2\/categories?post=76190"},{"taxonomy":"post_tag","embeddable":true,"href":"https:\/\/ic.tecnopc.com.ar\/index.php\/wp-json\/wp\/v2\/tags?post=76190"}],"curies":[{"name":"wp","href":"https:\/\/api.w.org\/{rel}","templated":true}]}}