{"id":76202,"date":"2023-06-23T18:44:56","date_gmt":"2023-06-23T21:44:56","guid":{"rendered":"https:\/\/iulianocooreman.com.ar\/es\/?p=76202"},"modified":"2023-06-23T18:44:56","modified_gmt":"2023-06-23T21:44:56","slug":"feria-judicial-y-fiscal-de-julio","status":"publish","type":"post","link":"https:\/\/ic.tecnopc.com.ar\/index.php\/2023\/06\/23\/feria-judicial-y-fiscal-de-julio\/","title":{"rendered":"FERIA JUDICIAL Y FISCAL DE JULIO"},"content":{"rendered":"<p style=\"text-align: justify;\"><span style=\"font-weight: 400; font-family: helvetica; color: #3366ff;\">La AFIP y la Corte Suprema de Justicia han fijado como feria fiscal y judicial respectivamente desde el lunes 17 de julio hasta el viernes 28 de julio de 2023, ambas fechas inclusive.<\/span><!--more--><\/p>\n<p style=\"text-align: justify;\"><span style=\"font-weight: 400; font-family: helvetica;\">Durante ese lapso, no se computar\u00e1n los plazos previstos en los distintos procedimientos vigentes ante AFIP, vinculados con la aplicaci\u00f3n, percepci\u00f3n y fiscalizaci\u00f3n de los tributos a su cargo en materia impositiva, aduanera y de los recursos de la seguridad social.<\/span><\/p>\n<p style=\"text-align: justify;\"><span style=\"font-weight: 400; font-family: helvetica;\">As\u00ed mismo el feriado judicial se aplicar\u00e1 para los tribunales federales y nacionales de la Capital Federal.<\/span><\/p>\n","protected":false},"excerpt":{"rendered":"<p>La AFIP y la Corte Suprema de Justicia han fijado como feria fiscal y judicial respectivamente desde el lunes 17 de julio hasta el viernes 28 de julio de 2023, ambas fechas inclusive.<\/p>\n","protected":false},"author":1,"featured_media":0,"comment_status":"closed","ping_status":"open","sticky":false,"template":"","format":"standard","meta":{"footnotes":""},"categories":[3],"tags":[],"class_list":["post-76202","post","type-post","status-publish","format-standard","hentry","category-ultimas-noticias"],"_links":{"self":[{"href":"https:\/\/ic.tecnopc.com.ar\/index.php\/wp-json\/wp\/v2\/posts\/76202","targetHints":{"allow":["GET"]}}],"collection":[{"href":"https:\/\/ic.tecnopc.com.ar\/index.php\/wp-json\/wp\/v2\/posts"}],"about":[{"href":"https:\/\/ic.tecnopc.com.ar\/index.php\/wp-json\/wp\/v2\/types\/post"}],"author":[{"embeddable":true,"href":"https:\/\/ic.tecnopc.com.ar\/index.php\/wp-json\/wp\/v2\/users\/1"}],"replies":[{"embeddable":true,"href":"https:\/\/ic.tecnopc.com.ar\/index.php\/wp-json\/wp\/v2\/comments?post=76202"}],"version-history":[{"count":0,"href":"https:\/\/ic.tecnopc.com.ar\/index.php\/wp-json\/wp\/v2\/posts\/76202\/revisions"}],"wp:attachment":[{"href":"https:\/\/ic.tecnopc.com.ar\/index.php\/wp-json\/wp\/v2\/media?parent=76202"}],"wp:term":[{"taxonomy":"category","embeddable":true,"href":"https:\/\/ic.tecnopc.com.ar\/index.php\/wp-json\/wp\/v2\/categories?post=76202"},{"taxonomy":"post_tag","embeddable":true,"href":"https:\/\/ic.tecnopc.com.ar\/index.php\/wp-json\/wp\/v2\/tags?post=76202"}],"curies":[{"name":"wp","href":"https:\/\/api.w.org\/{rel}","templated":true}]}}