{"id":76333,"date":"2023-12-27T08:24:55","date_gmt":"2023-12-27T11:24:55","guid":{"rendered":"https:\/\/iulianocooreman.com.ar\/es\/?p=76333"},"modified":"2023-12-27T08:24:55","modified_gmt":"2023-12-27T11:24:55","slug":"urgente-padron-de-deuda-de-importadores-nace-el-sedi","status":"publish","type":"post","link":"https:\/\/ic.tecnopc.com.ar\/index.php\/2023\/12\/27\/urgente-padron-de-deuda-de-importadores-nace-el-sedi\/","title":{"rendered":"URGENTE: PADR\u00d3N DE DEUDA DE IMPORTADORES. NACE EL \u201cSEDI\u201d"},"content":{"rendered":"<p style=\"text-align: justify;\"><span style=\"font-family: helvetica; color: #3366ff;\"><span style=\"font-weight: 400;\">Los importadores con deuda comercial por Bienes o Servicios con el exterior deber\u00e1n inscribirse obligatoriamente <\/span><span style=\"text-decoration: underline;\"><span style=\"font-weight: 400;\">antes del 10 de enero de 2024<\/span><\/span><span style=\"font-weight: 400;\">, en el Padr\u00f3n de Deuda Comercial por Importaciones con Proveedores del Exterior, en car\u00e1cter de declaraci\u00f3n jurada, para todas las operaciones oficializadas antes del 13\/12\/2023.<\/span><\/span><!--more--><\/p>\n<p style=\"text-align: justify;\"><span style=\"font-family: helvetica;\"><span style=\"font-weight: 400;\">IMPORTANTE: El plazo es de QUINCE (15) d\u00edas corridos, a contar desde la entrada en vigor de la presente, trascurrido el cual, no podr\u00e1n efectuar presentaci\u00f3n alguna. Siendo que entra en vigencia ma\u00f1ana, <\/span><span style=\"font-weight: 400;\"><span style=\"text-decoration: underline;\">el plazo vence el 10 DE ENERO DE 2024<\/span>.<\/span><span style=\"font-weight: 400;\">\u00a0<\/span><\/span><\/p>\n<p style=\"text-align: justify;\"><span style=\"font-weight: 400; font-family: helvetica;\">En el caso de los bienes, se deben incluir aquellas operaciones con despacho a plaza &#8211; con o sin plazo vencido- sean importaciones a consumo definitivo o temporales, declaraciones SIRA aprobadas en el marco de las excepciones previstas en los apartados 8 y 9 de la Comunicaci\u00f3n \u201cA\u201d 7622\/22 (BCRA), sus modificaciones y sus complementarias, y declaraciones particulares de importaci\u00f3n conforme lo dispuesto en la (AFIP).\u00a0<\/span><\/p>\n<p style=\"text-align: justify;\"><span style=\"font-weight: 400; font-family: helvetica;\">Se considerar\u00e1n s\u00f3lo las importaciones con fecha de oficializaci\u00f3n anterior al 13 de diciembre de 2023 conforme la Comunicaci\u00f3n del BANCO CENTRAL DE LA REP\u00daBLICA ARGENTINA \u201cA\u201d 7917.\u00a0<\/span><\/p>\n<p style=\"text-align: justify;\"><span style=\"font-weight: 400; font-family: helvetica;\">Los sujetos alcanzados deber\u00e1n completar el registro de deuda conforme las pautas establecidas en el micrositio \u201cSistema Estad\u00edstico de Importaciones (SEDI)\u201d, antes del 10\/01\/2024.<\/span><\/p>\n<p style=\"text-align: justify;\"><span style=\"font-weight: 400; font-family: helvetica;\">La informaci\u00f3n all\u00ed consignada por los particulares tendr\u00e1 car\u00e1cter de declaraci\u00f3n jurada y ser\u00e1 vinculante. Su falseamiento y\/o adulteraci\u00f3n acarrear\u00e1 las sanciones administrativas que correspondan.<\/span><\/p>\n<p style=\"text-align: justify;\"><span style=\"font-family: helvetica;\"><span style=\"text-decoration: underline;\"><span style=\"font-weight: 400;\">Importante<\/span><\/span><span style=\"font-weight: 400;\">:<\/span><\/span><\/p>\n<p style=\"text-align: justify;\"><span style=\"font-weight: 400; font-family: helvetica;\">Se deroga el Sistema de Importaciones de la Rep\u00fablica Argentina (SIRA) &#8211; Sistema de Importaciones de la Rep\u00fablica Argentina y Pagos de Servicios al Exterior\u201d (SIRASE) \u2013 y la Cuenta Corriente \u00danica de Comercio Exterior.\u00a0<\/span><\/p>\n<p style=\"text-align: justify;\"><span style=\"font-weight: 400; font-family: helvetica;\">Las SIRAS en estado SALI, mantendr\u00e1n su vigencia. Quedan anuladas todas las SIRAS observadas.<\/span><\/p>\n<p style=\"text-align: justify;\"><span style=\"font-weight: 400; font-family: helvetica;\">El CEF sigue vigente. Superado este \u00edndice, se proceder\u00e1 a oficializar la declaraci\u00f3n.<\/span><\/p>\n<p style=\"text-align: justify;\"><span style=\"font-weight: 400; font-family: helvetica;\">La validez de las SEDI ser\u00e1 de 360 d\u00edas corridos desde su fecha de salida.<\/span><\/p>\n<p style=\"text-align: justify;\"><span style=\"font-weight: 400; font-family: helvetica;\">La Ventanilla \u00fanica de Comercio Exterior, tiene 30 d\u00edas desde el registro para expedirse.<\/span><\/p>\n<p style=\"text-align: justify;\"><span style=\"font-weight: 400; font-family: helvetica;\">La tolerancia en el precio FOB unitario y en las cantidades recibidas no puede superar el 7%, pudiendo ser menor, sin l\u00edmite.<\/span><\/p>\n<p style=\"text-align: justify;\"><span style=\"font-weight: 400; font-family: helvetica;\">Estar\u00e1n exceptuadas del r\u00e9gimen de SEDI, las siguientes operaciones:\u00a0<\/span><\/p>\n<ol style=\"list-style-type: lower-alpha;\">\n<li style=\"text-align: justify;\"><span style=\"font-weight: 400; font-family: helvetica;\">Destinaciones de importaci\u00f3n para consumo, realizadas en el marco de los reg\u00edmenes de muestras, de donaciones y de franquicias diplom\u00e1ticas,\u00a0<\/span><\/li>\n<li style=\"text-align: justify;\"><span style=\"font-weight: 400; font-family: helvetica;\">Mercader\u00edas con franquicias de derechos y tributos,\u00a0<\/span><\/li>\n<li style=\"text-align: justify;\"><span style=\"font-weight: 400; font-family: helvetica;\">Mercader\u00edas ingresadas bajo el r\u00e9gimen de Courier o de env\u00edos postales,\u00a0<\/span><\/li>\n<li style=\"text-align: justify;\"><span style=\"font-weight: 400; font-family: helvetica;\">Bienes amparados en el r\u00e9gimen de importaciones para insumos destinados a investigaciones cient\u00edfico-tecnol\u00f3gicas que se encuentren enmarcados en el certificado previsto en el Art\u00edculo 4\u00b0 de la Ley N\u00b0 25.613,\u00a0<\/span><\/li>\n<li style=\"text-align: justify;\"><span style=\"font-weight: 400; font-family: helvetica;\">Bienes provenientes del \u00c1rea Aduanera Especial creada por la Ley N\u00b0 19.640 que se importen al territorio continental, as\u00ed como a las operaciones de importaci\u00f3n de bienes provenientes del territorio continental que se importen a dicha \u00c1rea Aduanera Especial, y\u00a0<\/span><\/li>\n<li style=\"text-align: justify;\"><span style=\"font-weight: 400; font-family: helvetica;\">Todas aquellas mercader\u00edas que ingresen en el marco de lo previsto en la Resoluci\u00f3n General N\u00b0 3.628 (AFIP) &#8211; Destinaciones Particulares<\/span><\/li>\n<\/ol>\n","protected":false},"excerpt":{"rendered":"<p>Los importadores con deuda comercial por Bienes o Servicios con el exterior deber\u00e1n inscribirse obligatoriamente antes del 10 de enero de 2024, en el Padr\u00f3n de Deuda Comercial por Importaciones con Proveedores del Exterior, en car\u00e1cter de declaraci\u00f3n jurada, para todas las operaciones oficializadas antes del 13\/12\/2023.<\/p>\n","protected":false},"author":1,"featured_media":0,"comment_status":"closed","ping_status":"open","sticky":false,"template":"","format":"standard","meta":{"footnotes":""},"categories":[3],"tags":[],"class_list":["post-76333","post","type-post","status-publish","format-standard","hentry","category-ultimas-noticias"],"_links":{"self":[{"href":"https:\/\/ic.tecnopc.com.ar\/index.php\/wp-json\/wp\/v2\/posts\/76333","targetHints":{"allow":["GET"]}}],"collection":[{"href":"https:\/\/ic.tecnopc.com.ar\/index.php\/wp-json\/wp\/v2\/posts"}],"about":[{"href":"https:\/\/ic.tecnopc.com.ar\/index.php\/wp-json\/wp\/v2\/types\/post"}],"author":[{"embeddable":true,"href":"https:\/\/ic.tecnopc.com.ar\/index.php\/wp-json\/wp\/v2\/users\/1"}],"replies":[{"embeddable":true,"href":"https:\/\/ic.tecnopc.com.ar\/index.php\/wp-json\/wp\/v2\/comments?post=76333"}],"version-history":[{"count":0,"href":"https:\/\/ic.tecnopc.com.ar\/index.php\/wp-json\/wp\/v2\/posts\/76333\/revisions"}],"wp:attachment":[{"href":"https:\/\/ic.tecnopc.com.ar\/index.php\/wp-json\/wp\/v2\/media?parent=76333"}],"wp:term":[{"taxonomy":"category","embeddable":true,"href":"https:\/\/ic.tecnopc.com.ar\/index.php\/wp-json\/wp\/v2\/categories?post=76333"},{"taxonomy":"post_tag","embeddable":true,"href":"https:\/\/ic.tecnopc.com.ar\/index.php\/wp-json\/wp\/v2\/tags?post=76333"}],"curies":[{"name":"wp","href":"https:\/\/api.w.org\/{rel}","templated":true}]}}