{"id":76357,"date":"2024-01-09T12:21:13","date_gmt":"2024-01-09T15:21:13","guid":{"rendered":"https:\/\/iulianocooreman.com.ar\/es\/?p=76357"},"modified":"2024-01-09T12:21:13","modified_gmt":"2024-01-09T15:21:13","slug":"prorrogan-el-padron-de-deudas-con-el-exterior","status":"publish","type":"post","link":"https:\/\/ic.tecnopc.com.ar\/index.php\/2024\/01\/09\/prorrogan-el-padron-de-deudas-con-el-exterior\/","title":{"rendered":"PRORROGAN EL PADRON DE DEUDAS CON EL EXTERIOR"},"content":{"rendered":"<p style=\"text-align: justify;\"><span style=\"font-family: helvetica; color: #3366ff;\"><span style=\"font-weight: 400;\">Originalmente, se hab\u00eda fijado como fecha tope el 10 de enero 2024, para la inscripci\u00f3n en el Padr\u00f3n de Deuda Comercial por Importaciones con Proveedores del Exterior, y hoy se extendi\u00f3 el plazo <\/span><span style=\"text-decoration: underline;\"><span style=\"font-weight: 400;\">hasta el mi\u00e9rcoles 24 de enero<\/span><span style=\"font-weight: 400;\">.<\/span><\/span><\/span><!--more--><\/p>\n<p style=\"text-align: justify;\"><span style=\"font-weight: 400; font-family: helvetica;\">El denominado \u201cPadr\u00f3n de Deuda Comercial por Importaciones con Proveedores del Exterior\u201d, fue conformado con el objetivo de contar con informaci\u00f3n actualizada de la deuda comercial privada vigente y \u201catender dicha problem\u00e1tica\u201d, que radica en la falta de d\u00f3lares.<\/span><\/p>\n<p style=\"text-align: justify;\"><span style=\"font-weight: 400; font-family: helvetica;\">De acuerdo con lo informado por la Secretar\u00eda de Comercio, la inscripci\u00f3n se abri\u00f3 el 27 de diciembre y ya super\u00f3 los US$ 14.000 millones al d\u00eda de hoy. El procedimiento se realiza mediante una declaraci\u00f3n jurada (DJDI) en el sitio web de AFIP.<\/span><\/p>\n<p style=\"text-align: justify;\"><span style=\"font-weight: 400; font-family: helvetica;\">La inscripci\u00f3n en este registro ser\u00e1 obligatoria para quienes cuenten con deuda comercial por importaciones de bienes o servicios, destinadas a consumo definitivo o temporales, realizadas antes del 13 de diciembre de 2023. Tambi\u00e9n abarca las declaraciones SIRA aprobadas en el marco de las excepciones previstas por la Comunicaci\u00f3n A 7622\/22 del Banco Central y aquellas disposiciones particulares de importaci\u00f3n dispuestas por la autoridad de aplicaci\u00f3n.<\/span><\/p>\n","protected":false},"excerpt":{"rendered":"<p>Originalmente, se hab\u00eda fijado como fecha tope el 10 de enero 2024, para la inscripci\u00f3n en el Padr\u00f3n de Deuda Comercial por Importaciones con Proveedores del Exterior, y hoy se extendi\u00f3 el plazo hasta el mi\u00e9rcoles 24 de enero.<\/p>\n","protected":false},"author":1,"featured_media":0,"comment_status":"closed","ping_status":"open","sticky":false,"template":"","format":"standard","meta":{"footnotes":""},"categories":[3],"tags":[],"class_list":["post-76357","post","type-post","status-publish","format-standard","hentry","category-ultimas-noticias"],"_links":{"self":[{"href":"https:\/\/ic.tecnopc.com.ar\/index.php\/wp-json\/wp\/v2\/posts\/76357","targetHints":{"allow":["GET"]}}],"collection":[{"href":"https:\/\/ic.tecnopc.com.ar\/index.php\/wp-json\/wp\/v2\/posts"}],"about":[{"href":"https:\/\/ic.tecnopc.com.ar\/index.php\/wp-json\/wp\/v2\/types\/post"}],"author":[{"embeddable":true,"href":"https:\/\/ic.tecnopc.com.ar\/index.php\/wp-json\/wp\/v2\/users\/1"}],"replies":[{"embeddable":true,"href":"https:\/\/ic.tecnopc.com.ar\/index.php\/wp-json\/wp\/v2\/comments?post=76357"}],"version-history":[{"count":0,"href":"https:\/\/ic.tecnopc.com.ar\/index.php\/wp-json\/wp\/v2\/posts\/76357\/revisions"}],"wp:attachment":[{"href":"https:\/\/ic.tecnopc.com.ar\/index.php\/wp-json\/wp\/v2\/media?parent=76357"}],"wp:term":[{"taxonomy":"category","embeddable":true,"href":"https:\/\/ic.tecnopc.com.ar\/index.php\/wp-json\/wp\/v2\/categories?post=76357"},{"taxonomy":"post_tag","embeddable":true,"href":"https:\/\/ic.tecnopc.com.ar\/index.php\/wp-json\/wp\/v2\/tags?post=76357"}],"curies":[{"name":"wp","href":"https:\/\/api.w.org\/{rel}","templated":true}]}}