{"id":76399,"date":"2024-03-12T08:49:17","date_gmt":"2024-03-12T11:49:17","guid":{"rendered":"https:\/\/iulianocooreman.com.ar\/es\/?p=76399"},"modified":"2024-03-12T08:49:17","modified_gmt":"2024-03-12T11:49:17","slug":"proyecto-de-ley-omnibus-ii","status":"publish","type":"post","link":"https:\/\/ic.tecnopc.com.ar\/index.php\/2024\/03\/12\/proyecto-de-ley-omnibus-ii\/","title":{"rendered":"PROYECTO DE LEY OMNIBUS II"},"content":{"rendered":"<p style=\"text-align: justify;\"><span style=\"font-weight: 400; font-family: helvetica; color: #3366ff;\">Trascendieron algunos aspectos salientes, del proyecto que pasar\u00eda al Congreso, consensuado con los Gobernadores y el Gobierno.<\/span><!--more--><\/p>\n<p style=\"text-align: justify;\"><span style=\"font-weight: 400; font-family: helvetica;\">El nuevo proyecto contempla:<\/span><\/p>\n<ol style=\"text-align: justify;\">\n<li style=\"font-weight: 400;\" aria-level=\"1\"><span style=\"font-weight: 400; font-family: helvetica;\">Alivio fiscal que incluye una Moratoria Impositiva.<\/span><\/li>\n<li style=\"font-weight: 400;\" aria-level=\"1\"><span style=\"font-weight: 400; font-family: helvetica;\">Blanqueo Laboral: el Cap\u00edtulo VI contempla la \u201cPromoci\u00f3n del empleo registrado\u201d y establece la creaci\u00f3n de un r\u00e9gimen de \u201cblanqueo laboral\u201d.<\/span><\/li>\n<li style=\"font-weight: 400;\" aria-level=\"1\"><span style=\"font-weight: 400; font-family: helvetica;\">Modificaci\u00f3n a los Impuestos Internos al Tabaco, y la Eliminaci\u00f3n del Impuesto a la Transferencia de Inmuebles de Personas F\u00edsicas y Sucesiones Indivisas.<\/span><\/li>\n<li style=\"font-weight: 400;\" aria-level=\"1\"><span style=\"font-weight: 400; font-family: helvetica;\">Reforma Previsional y ajustes a las jubilaciones.<\/span><\/li>\n<li style=\"font-weight: 400;\" aria-level=\"1\"><span style=\"font-weight: 400; font-family: helvetica;\">Ley de Emergencia, s\u00f3lo por un a\u00f1o.<\/span><\/li>\n<li style=\"font-weight: 400;\" aria-level=\"1\"><span style=\"font-weight: 400; font-family: helvetica;\">La modificaci\u00f3n del IIGG, ir\u00eda por separado y para la 4\u00b0 Categor\u00eda, se insiste con un m\u00ednimo no imponible, a partir del cual se paga el impuesto, est\u00e1 entre $1,5 y 1,8 millones.<\/span><\/li>\n<\/ol>\n<p style=\"text-align: justify;\"><span style=\"font-weight: 400; font-family: helvetica;\">Incluye normas sobre Privatizaciones, Desregulaci\u00f3n Econ\u00f3mica, entre otras.\u00a0<\/span><\/p>\n","protected":false},"excerpt":{"rendered":"<p>Trascendieron algunos aspectos salientes, del proyecto que pasar\u00eda al Congreso, consensuado con los Gobernadores y el Gobierno.<\/p>\n","protected":false},"author":1,"featured_media":0,"comment_status":"closed","ping_status":"open","sticky":false,"template":"","format":"standard","meta":{"footnotes":""},"categories":[3],"tags":[],"class_list":["post-76399","post","type-post","status-publish","format-standard","hentry","category-ultimas-noticias"],"_links":{"self":[{"href":"https:\/\/ic.tecnopc.com.ar\/index.php\/wp-json\/wp\/v2\/posts\/76399","targetHints":{"allow":["GET"]}}],"collection":[{"href":"https:\/\/ic.tecnopc.com.ar\/index.php\/wp-json\/wp\/v2\/posts"}],"about":[{"href":"https:\/\/ic.tecnopc.com.ar\/index.php\/wp-json\/wp\/v2\/types\/post"}],"author":[{"embeddable":true,"href":"https:\/\/ic.tecnopc.com.ar\/index.php\/wp-json\/wp\/v2\/users\/1"}],"replies":[{"embeddable":true,"href":"https:\/\/ic.tecnopc.com.ar\/index.php\/wp-json\/wp\/v2\/comments?post=76399"}],"version-history":[{"count":0,"href":"https:\/\/ic.tecnopc.com.ar\/index.php\/wp-json\/wp\/v2\/posts\/76399\/revisions"}],"wp:attachment":[{"href":"https:\/\/ic.tecnopc.com.ar\/index.php\/wp-json\/wp\/v2\/media?parent=76399"}],"wp:term":[{"taxonomy":"category","embeddable":true,"href":"https:\/\/ic.tecnopc.com.ar\/index.php\/wp-json\/wp\/v2\/categories?post=76399"},{"taxonomy":"post_tag","embeddable":true,"href":"https:\/\/ic.tecnopc.com.ar\/index.php\/wp-json\/wp\/v2\/tags?post=76399"}],"curies":[{"name":"wp","href":"https:\/\/api.w.org\/{rel}","templated":true}]}}