{"id":76514,"date":"2024-09-02T10:03:00","date_gmt":"2024-09-02T13:03:00","guid":{"rendered":"https:\/\/iulianocooreman.com.ar\/es\/?p=76514"},"modified":"2024-09-02T10:03:00","modified_gmt":"2024-09-02T13:03:00","slug":"empleados-de-comercio-se-traslada-el-feriado-sindical","status":"publish","type":"post","link":"https:\/\/ic.tecnopc.com.ar\/index.php\/2024\/09\/02\/empleados-de-comercio-se-traslada-el-feriado-sindical\/","title":{"rendered":"EMPLEADOS DE COMERCIO: SE TRASLADA EL FERIADO SINDICAL"},"content":{"rendered":"<p style=\"text-align: justify;\"><span style=\"font-family: helvetica; color: #3366ff;\">Por un acuerdo firmado entre la Federaci\u00f3n Argentina de Empleados de Comercio y Servicios y las C\u00e1maras Empresarias de la actividad, se acord\u00f3 trasladar el d\u00eda del Empleado de Comercio (26 de septiembre) al lunes 30 de septiembre del 2024.<\/span><\/p>\n","protected":false},"excerpt":{"rendered":"<p>Por un acuerdo firmado entre la Federaci\u00f3n Argentina de Empleados de Comercio y Servicios y las C\u00e1maras Empresarias de la actividad, se acord\u00f3 trasladar el d\u00eda del Empleado de Comercio (26 de septiembre) al lunes 30 de septiembre del 2024.<\/p>\n","protected":false},"author":1,"featured_media":0,"comment_status":"closed","ping_status":"open","sticky":false,"template":"","format":"standard","meta":{"footnotes":""},"categories":[3],"tags":[],"class_list":["post-76514","post","type-post","status-publish","format-standard","hentry","category-ultimas-noticias"],"_links":{"self":[{"href":"https:\/\/ic.tecnopc.com.ar\/index.php\/wp-json\/wp\/v2\/posts\/76514","targetHints":{"allow":["GET"]}}],"collection":[{"href":"https:\/\/ic.tecnopc.com.ar\/index.php\/wp-json\/wp\/v2\/posts"}],"about":[{"href":"https:\/\/ic.tecnopc.com.ar\/index.php\/wp-json\/wp\/v2\/types\/post"}],"author":[{"embeddable":true,"href":"https:\/\/ic.tecnopc.com.ar\/index.php\/wp-json\/wp\/v2\/users\/1"}],"replies":[{"embeddable":true,"href":"https:\/\/ic.tecnopc.com.ar\/index.php\/wp-json\/wp\/v2\/comments?post=76514"}],"version-history":[{"count":0,"href":"https:\/\/ic.tecnopc.com.ar\/index.php\/wp-json\/wp\/v2\/posts\/76514\/revisions"}],"wp:attachment":[{"href":"https:\/\/ic.tecnopc.com.ar\/index.php\/wp-json\/wp\/v2\/media?parent=76514"}],"wp:term":[{"taxonomy":"category","embeddable":true,"href":"https:\/\/ic.tecnopc.com.ar\/index.php\/wp-json\/wp\/v2\/categories?post=76514"},{"taxonomy":"post_tag","embeddable":true,"href":"https:\/\/ic.tecnopc.com.ar\/index.php\/wp-json\/wp\/v2\/tags?post=76514"}],"curies":[{"name":"wp","href":"https:\/\/api.w.org\/{rel}","templated":true}]}}