{"id":76741,"date":"2025-08-18T11:02:18","date_gmt":"2025-08-18T14:02:18","guid":{"rendered":"https:\/\/iulianocooreman.com.ar\/es\/?p=76741"},"modified":"2025-08-18T11:02:18","modified_gmt":"2025-08-18T14:02:18","slug":"fallo-absuelve-al-dueno-de-un-departamento-por-la-muerte-de-un-albanil","status":"publish","type":"post","link":"https:\/\/ic.tecnopc.com.ar\/index.php\/2025\/08\/18\/fallo-absuelve-al-dueno-de-un-departamento-por-la-muerte-de-un-albanil\/","title":{"rendered":"FALLO ABSUELVE AL DUE\u00d1O DE UN DEPARTAMENTO POR LA MUERTE DE UN ALBA\u00d1IL."},"content":{"rendered":"<p style=\"text-align: justify;\"><span style=\"font-weight: 400; font-family: helvetica; color: #3366ff;\">La C\u00e1mara Civil confirm\u00f3 el rechazo del reclamo contra el due\u00f1o de un departamento y el consorcio, por la ca\u00edda desde una ventana y posterior muerte de un alba\u00f1il.\u00a0<\/span><!--more--><\/p>\n<p style=\"text-align: justify;\"><span style=\"font-weight: 400; font-family: helvetica;\">El fallo exime de responsabilidad al propietario, al consorcio y a la aseguradora por tratarse de un contrato de locaci\u00f3n de obra y no de una relaci\u00f3n laboral.\u00a0<\/span><\/p>\n<p style=\"text-align: justify;\"><span style=\"font-weight: 400; font-family: helvetica;\">La C\u00e1mara Civil, aplic\u00f3 el C\u00f3digo Civil y Comercial de la Naci\u00f3n (ley 26.994), y destac\u00f3 que el contrato entre el propietario y el trabajador era de locaci\u00f3n de obra, no de trabajo, y que el propio hermano del fallecido, testigo en la causa, reconoci\u00f3 que la estructura de protecci\u00f3n fue instalada por los propios alba\u00f1iles.<\/span><\/p>\n<p style=\"text-align: justify;\"><span style=\"font-weight: 400; font-family: helvetica;\">Esto a pesar de que la demanda sostuvo que la obra requer\u00eda habilitaci\u00f3n gubernamental y que el consorcio y el due\u00f1o deb\u00edan haber garantizado la seguridad, citando el C\u00f3digo de Edificaci\u00f3n y el Decreto N\u00b0 911\/16 sobre elementos de protecci\u00f3n para trabajos en altura.<\/span><\/p>\n<p style=\"text-align: justify;\"><span style=\"font-weight: 400; font-family: helvetica;\">El tribunal revis\u00f3 las pruebas, incluyendo las actuaciones penales abiertas tras el accidente. En la causa penal, el fiscal y el juez penal sobreseyeron al propietario de la vivienda determinando que no es responsabilidad del due\u00f1o del departamento proveer los elementos de seguridad, sino que es obligaci\u00f3n del propio trabajador, quien actuaba de manera aut\u00f3noma.<\/span><\/p>\n","protected":false},"excerpt":{"rendered":"<p>La C\u00e1mara Civil confirm\u00f3 el rechazo del reclamo contra el due\u00f1o de un departamento y el consorcio, por la ca\u00edda desde una ventana y posterior muerte de un alba\u00f1il.\u00a0<\/p>\n","protected":false},"author":1,"featured_media":0,"comment_status":"closed","ping_status":"open","sticky":false,"template":"","format":"standard","meta":{"footnotes":""},"categories":[3],"tags":[],"class_list":["post-76741","post","type-post","status-publish","format-standard","hentry","category-ultimas-noticias"],"_links":{"self":[{"href":"https:\/\/ic.tecnopc.com.ar\/index.php\/wp-json\/wp\/v2\/posts\/76741","targetHints":{"allow":["GET"]}}],"collection":[{"href":"https:\/\/ic.tecnopc.com.ar\/index.php\/wp-json\/wp\/v2\/posts"}],"about":[{"href":"https:\/\/ic.tecnopc.com.ar\/index.php\/wp-json\/wp\/v2\/types\/post"}],"author":[{"embeddable":true,"href":"https:\/\/ic.tecnopc.com.ar\/index.php\/wp-json\/wp\/v2\/users\/1"}],"replies":[{"embeddable":true,"href":"https:\/\/ic.tecnopc.com.ar\/index.php\/wp-json\/wp\/v2\/comments?post=76741"}],"version-history":[{"count":0,"href":"https:\/\/ic.tecnopc.com.ar\/index.php\/wp-json\/wp\/v2\/posts\/76741\/revisions"}],"wp:attachment":[{"href":"https:\/\/ic.tecnopc.com.ar\/index.php\/wp-json\/wp\/v2\/media?parent=76741"}],"wp:term":[{"taxonomy":"category","embeddable":true,"href":"https:\/\/ic.tecnopc.com.ar\/index.php\/wp-json\/wp\/v2\/categories?post=76741"},{"taxonomy":"post_tag","embeddable":true,"href":"https:\/\/ic.tecnopc.com.ar\/index.php\/wp-json\/wp\/v2\/tags?post=76741"}],"curies":[{"name":"wp","href":"https:\/\/api.w.org\/{rel}","templated":true}]}}