{"id":76752,"date":"2025-09-01T10:45:42","date_gmt":"2025-09-01T13:45:42","guid":{"rendered":"https:\/\/iulianocooreman.com.ar\/es\/?p=76752"},"modified":"2025-09-01T10:45:42","modified_gmt":"2025-09-01T13:45:42","slug":"se-pueden-computar-percepciones-atrasadas-en-iva","status":"publish","type":"post","link":"https:\/\/ic.tecnopc.com.ar\/index.php\/2025\/09\/01\/se-pueden-computar-percepciones-atrasadas-en-iva\/","title":{"rendered":"SE PUEDEN COMPUTAR PERCEPCIONES ATRASADAS EN IVA"},"content":{"rendered":"<p style=\"text-align: justify;\"><span style=\"font-weight: 400; font-family: helvetica; color: #3366ff;\">ARCA permite\u00a0 computar en el IVA mensual, percepciones\u00a0 con cinco meses de antig\u00fcedad.<\/span><!--more--><\/p>\n<p style=\"text-align: justify;\"><span style=\"font-weight: 400; font-family: helvetica;\">Nuestro Consejo fue uno de los impulsores de la medida: desde el 1 de septiembre se pueden computar las percepciones en el per\u00edodo fiscal en que fueron practicadas o en alguno de los cinco per\u00edodos siguientes.<\/span><\/p>\n<p style=\"text-align: justify;\"><span style=\"font-weight: 400; font-family: helvetica;\">Excepci\u00f3n &#8211; c\u00f3mputo retroactivo: antes no estaba contemplado y con la nueva medida se permite solo por excepci\u00f3n en el per\u00edodo inmediato anterior, si la operaci\u00f3n ocurri\u00f3 en ese per\u00edodo y la percepci\u00f3n se practic\u00f3 antes del vencimiento.<\/span><\/p>\n<p style=\"text-align: justify;\"><span style=\"font-weight: 400; font-family: helvetica;\">Saldo a favor del contribuyente: se considera ingreso directo.<\/span><\/p>\n","protected":false},"excerpt":{"rendered":"<p>ARCA permite\u00a0 computar en el IVA mensual, percepciones\u00a0 con cinco meses de antig\u00fcedad.<\/p>\n","protected":false},"author":1,"featured_media":0,"comment_status":"closed","ping_status":"open","sticky":false,"template":"","format":"standard","meta":{"footnotes":""},"categories":[3],"tags":[],"class_list":["post-76752","post","type-post","status-publish","format-standard","hentry","category-ultimas-noticias"],"_links":{"self":[{"href":"https:\/\/ic.tecnopc.com.ar\/index.php\/wp-json\/wp\/v2\/posts\/76752","targetHints":{"allow":["GET"]}}],"collection":[{"href":"https:\/\/ic.tecnopc.com.ar\/index.php\/wp-json\/wp\/v2\/posts"}],"about":[{"href":"https:\/\/ic.tecnopc.com.ar\/index.php\/wp-json\/wp\/v2\/types\/post"}],"author":[{"embeddable":true,"href":"https:\/\/ic.tecnopc.com.ar\/index.php\/wp-json\/wp\/v2\/users\/1"}],"replies":[{"embeddable":true,"href":"https:\/\/ic.tecnopc.com.ar\/index.php\/wp-json\/wp\/v2\/comments?post=76752"}],"version-history":[{"count":0,"href":"https:\/\/ic.tecnopc.com.ar\/index.php\/wp-json\/wp\/v2\/posts\/76752\/revisions"}],"wp:attachment":[{"href":"https:\/\/ic.tecnopc.com.ar\/index.php\/wp-json\/wp\/v2\/media?parent=76752"}],"wp:term":[{"taxonomy":"category","embeddable":true,"href":"https:\/\/ic.tecnopc.com.ar\/index.php\/wp-json\/wp\/v2\/categories?post=76752"},{"taxonomy":"post_tag","embeddable":true,"href":"https:\/\/ic.tecnopc.com.ar\/index.php\/wp-json\/wp\/v2\/tags?post=76752"}],"curies":[{"name":"wp","href":"https:\/\/api.w.org\/{rel}","templated":true}]}}