{"id":76808,"date":"2025-11-21T13:42:43","date_gmt":"2025-11-21T16:42:43","guid":{"rendered":"https:\/\/iulianocooreman.com.ar\/es\/?p=76808"},"modified":"2025-11-21T13:42:43","modified_gmt":"2025-11-21T16:42:43","slug":"el-martes-25-de-noviembre-sera-un-dia-especial","status":"publish","type":"post","link":"https:\/\/ic.tecnopc.com.ar\/index.php\/2025\/11\/21\/el-martes-25-de-noviembre-sera-un-dia-especial\/","title":{"rendered":"EL MARTES 25 DE NOVIEMBRE SER\u00c1 UN D\u00cdA ESPECIAL"},"content":{"rendered":"<p style=\"text-align: justify;\"><span style=\"font-family: helvetica; color: #3366ff;\"><b>El pr\u00f3ximo martes 25 no atenderemos consultas ni gestiones<\/b><span style=\"font-weight: 400;\">, en el marco de la celebraci\u00f3n de la despedida del a\u00f1o, junto a todas las personas que conforman los equipos de nuestro Estudio.<\/span><\/span><!--more--><\/p>\n<p style=\"text-align: justify;\"><span style=\"font-weight: 400; font-family: helvetica;\">Este a\u00f1o ha sido especialmente desafiante para todos, y creemos importante tomarnos un momento para agradecer el esfuerzo realizado y renovar energ\u00edas para enfrentar la parte m\u00e1s exigente del a\u00f1o en nuestra profesi\u00f3n.<\/span><\/p>\n<p style=\"text-align: justify;\"><span style=\"font-weight: 400; font-family: helvetica;\">Se presentar\u00e1n todos los vencimientos en t\u00e9rmino, con la informaci\u00f3n recibida puntualmente, para que no genere ning\u00fan impacto en las obligaciones fiscales de cada uno de nuestros clientes.<\/span><\/p>\n<p style=\"text-align: justify;\"><span style=\"font-weight: 400; font-family: helvetica;\">En aquellos casos en que no hayan enviado informaci\u00f3n oportunamente, trataremos de coordinar la mejor alternativa posible, evitando inconvenientes y minimizando riesgos.<\/span><\/p>\n<p style=\"text-align: justify;\"><span style=\"font-weight: 400; font-family: helvetica;\">Vamos a estar el todo el fin de semana largo conectados por WhatsApp o e-mail por cualquier urgencia.<\/span><\/p>\n<p style=\"text-align: justify;\"><span style=\"font-weight: 400; font-family: helvetica;\">Agradecemos su comprensi\u00f3n y quedamos a vuestra disposici\u00f3n.<\/span><\/p>\n","protected":false},"excerpt":{"rendered":"<p>El pr\u00f3ximo martes 25 no atenderemos consultas ni gestiones, en el marco de la celebraci\u00f3n de la despedida del a\u00f1o, junto a todas las personas que conforman los equipos de nuestro Estudio.<\/p>\n","protected":false},"author":1,"featured_media":0,"comment_status":"closed","ping_status":"open","sticky":false,"template":"","format":"standard","meta":{"footnotes":""},"categories":[3],"tags":[],"class_list":["post-76808","post","type-post","status-publish","format-standard","hentry","category-ultimas-noticias"],"_links":{"self":[{"href":"https:\/\/ic.tecnopc.com.ar\/index.php\/wp-json\/wp\/v2\/posts\/76808","targetHints":{"allow":["GET"]}}],"collection":[{"href":"https:\/\/ic.tecnopc.com.ar\/index.php\/wp-json\/wp\/v2\/posts"}],"about":[{"href":"https:\/\/ic.tecnopc.com.ar\/index.php\/wp-json\/wp\/v2\/types\/post"}],"author":[{"embeddable":true,"href":"https:\/\/ic.tecnopc.com.ar\/index.php\/wp-json\/wp\/v2\/users\/1"}],"replies":[{"embeddable":true,"href":"https:\/\/ic.tecnopc.com.ar\/index.php\/wp-json\/wp\/v2\/comments?post=76808"}],"version-history":[{"count":0,"href":"https:\/\/ic.tecnopc.com.ar\/index.php\/wp-json\/wp\/v2\/posts\/76808\/revisions"}],"wp:attachment":[{"href":"https:\/\/ic.tecnopc.com.ar\/index.php\/wp-json\/wp\/v2\/media?parent=76808"}],"wp:term":[{"taxonomy":"category","embeddable":true,"href":"https:\/\/ic.tecnopc.com.ar\/index.php\/wp-json\/wp\/v2\/categories?post=76808"},{"taxonomy":"post_tag","embeddable":true,"href":"https:\/\/ic.tecnopc.com.ar\/index.php\/wp-json\/wp\/v2\/tags?post=76808"}],"curies":[{"name":"wp","href":"https:\/\/api.w.org\/{rel}","templated":true}]}}