{"id":76969,"date":"2005-02-10T03:00:00","date_gmt":"2005-02-10T06:00:00","guid":{"rendered":"http:\/\/martineziuliano.com.ar\/web\/contra-el-cierre-obligatorio-en-domingo\/"},"modified":"2005-02-10T03:00:00","modified_gmt":"2005-02-10T06:00:00","slug":"contra-el-cierre-obligatorio-en-domingo-2","status":"publish","type":"post","link":"https:\/\/ic.tecnopc.com.ar\/index.php\/2005\/02\/10\/contra-el-cierre-obligatorio-en-domingo-2\/","title":{"rendered":"CONTRA EL CIERRE OBLIGATORIO EN DOMINGO"},"content":{"rendered":"<div><span style=\"color: #3366ff;\">Los shoppings no quieren cerrar los domingos<\/span><\/div>\n<p>Buenos Aires, feb. 10 (NA) &#8212; El presidente de la C\u00e1mara Argentina de Shoppings,  Jos\u00e9 Roteda, expres\u00f3 hoy su desacuerdo con la propuesta de empresarios y  sindicalistas del comercio para que los negocios no abran los domingos. <br \/>La  propuesta fue presentada ayer por la Confederaci\u00f3n de Peque\u00f1a y Mediana Empresa  (CAME) y la Federaci\u00f3n Argentina de Empleados de Comercio y Servicios (FAECYS)  en General Pico, La Pampa, donde ya se acord\u00f3 realizar una prueba piloto durante  tres meses.<\/p>\n<p>La medida de no abrir los comercios los domingos rigi\u00f3 en el  pa\u00eds hasta 1989, pero se dej\u00f3 sin efecto por un decreto de necesidad y urgencia.  <br \/>Seg\u00fan sostuvo Roteda, la situaci\u00f3n actual es distinta, ya que &#8220;los nuevos  formatos comerciales y los reg\u00edmenes de trabajo cambiaron, y ni siquiera las  comparaciones con otros pa\u00edses son v\u00e1lidas&#8221;. <br \/>&#8220;Nosotros tenemos un pa\u00eds donde  mucha gente tiene dos trabajos, y trabaja de sol a sol&#8221;, remarc\u00f3 el empresario,  al rechazar cualquier comparaci\u00f3n con Espa\u00f1a, donde los shoppings no abren los  domingos y feriados. <br \/>&#8220;All\u00e1 a las 5 de la tarde no queda nadie en las  oficinas y en ning\u00fan comercio, y los shoppings tiene horario extendido hasta las  22:00. Entonces, la gente desde las 17:00 tienen tiempo de ir, mientras que los  fines de semana, al tener mucho dinero, van a esquiar o la costa&#8221;, explic\u00f3.  <br \/>Roteda, en declaraciones a Radio Am\u00e9rica, expres\u00f3 que la situaci\u00f3n en  Argentina es distinta, pues &#8220;la realidad es que los domingos y feriados los  shoppings est\u00e1n llenos, porque la gente elige ir a esos lugares&#8221;. <br \/>Sobre las  declaraciones del presidente de la CAME, Osvaldo Cornide, acusando al sector de  supermercados y shoppings de imponer ese sistema, Roteda contest\u00f3 que &#8220;lo que  pasa es que la gente sale de trabajar a las 20:00, y entonces van a \u00faltima hora  a hacer compras&#8221;. <br \/>Igualmente, destac\u00f3 que &#8220;hay que revisar el r\u00e9gimen  laboral, pues el empleado tiene que recibir la remuneraci\u00f3n que corresponda y  tiene que tener los francos compensatorios&#8221;. <br \/>Asimismo, Roteda opin\u00f3 que los  restaurantes y cines deben permanecer abiertos los domingos, ya que &#8220;en el pa\u00eds  no est\u00e1n las condiciones para que sea distinto&#8221;. <br \/>Adem\u00e1s, aclar\u00f3 que habr\u00eda  que hacer otras distinciones porque &#8220;aqu\u00ed se est\u00e1 hablando de una ley nacional,  y se imaginan en la costa cerrando todos los comercios los domingos&#8221;. <br \/>&#8220;Por  otra parte hay que tener en cuenta que los viernes, s\u00e1bados y domingos, los  shoppings facturan entre un 60 y 65 por ciento, mientras que el resto de la  semana un 40 por ciento&#8221;, agreg\u00f3. <br \/>Reiter\u00f3, por \u00faltimo, que &#8220;el domingo es el  mejor d\u00eda de facturaci\u00f3n para la parte gastron\u00f3mica, de esparcimiento y cines.  Es mucho paseo&#8221;.<\/p>\n<p>\u00a0<\/p>\n","protected":false},"excerpt":{"rendered":"<div><span style=\"color: #3366ff;\">Los shoppings no quieren cerrar los domingos<\/span><\/div>\n<p>Buenos Aires, feb. 10 (NA) &#8212; El presidente de la C\u00e1mara Argentina de Shoppings,  Jos\u00e9 Roteda, expres\u00f3 hoy su desacuerdo con la propuesta de empresarios y  sindicalistas del comercio para que los negocios no abran los domingos. <br \/>La  propuesta fue presentada ayer por la Confederaci\u00f3n de Peque\u00f1a y Mediana Empresa  (CAME) y la Federaci\u00f3n Argentina de Empleados de Comercio y Servicios (FAECYS)  en General Pico, La Pampa, donde ya se acord\u00f3 realizar una prueba piloto durante  tres meses.<\/p>\n","protected":false},"author":1,"featured_media":0,"comment_status":"closed","ping_status":"open","sticky":false,"template":"","format":"standard","meta":{"footnotes":""},"categories":[3],"tags":[],"class_list":["post-76969","post","type-post","status-publish","format-standard","hentry","category-ultimas-noticias"],"_links":{"self":[{"href":"https:\/\/ic.tecnopc.com.ar\/index.php\/wp-json\/wp\/v2\/posts\/76969","targetHints":{"allow":["GET"]}}],"collection":[{"href":"https:\/\/ic.tecnopc.com.ar\/index.php\/wp-json\/wp\/v2\/posts"}],"about":[{"href":"https:\/\/ic.tecnopc.com.ar\/index.php\/wp-json\/wp\/v2\/types\/post"}],"author":[{"embeddable":true,"href":"https:\/\/ic.tecnopc.com.ar\/index.php\/wp-json\/wp\/v2\/users\/1"}],"replies":[{"embeddable":true,"href":"https:\/\/ic.tecnopc.com.ar\/index.php\/wp-json\/wp\/v2\/comments?post=76969"}],"version-history":[{"count":0,"href":"https:\/\/ic.tecnopc.com.ar\/index.php\/wp-json\/wp\/v2\/posts\/76969\/revisions"}],"wp:attachment":[{"href":"https:\/\/ic.tecnopc.com.ar\/index.php\/wp-json\/wp\/v2\/media?parent=76969"}],"wp:term":[{"taxonomy":"category","embeddable":true,"href":"https:\/\/ic.tecnopc.com.ar\/index.php\/wp-json\/wp\/v2\/categories?post=76969"},{"taxonomy":"post_tag","embeddable":true,"href":"https:\/\/ic.tecnopc.com.ar\/index.php\/wp-json\/wp\/v2\/tags?post=76969"}],"curies":[{"name":"wp","href":"https:\/\/api.w.org\/{rel}","templated":true}]}}