{"id":76989,"date":"2005-03-02T03:00:00","date_gmt":"2005-03-02T06:00:00","guid":{"rendered":"http:\/\/martineziuliano.com.ar\/web\/preocupacion-por-importaciones\/"},"modified":"2005-03-02T03:00:00","modified_gmt":"2005-03-02T06:00:00","slug":"preocupacion-por-importaciones-2","status":"publish","type":"post","link":"https:\/\/ic.tecnopc.com.ar\/index.php\/2005\/03\/02\/preocupacion-por-importaciones-2\/","title":{"rendered":"PREOCUPACI\u00d3N POR IMPORTACIONES"},"content":{"rendered":"<div><span style=\"color: #3366ff;\">Empresarios de la producci\u00f3n se quejan por el ingreso de  productos importados<\/span><\/div>\n<p>Buenos Aires, marzo 2 (NA) &#8212; Empresarios de distintos sectores de la producci\u00f3n  le expresaron al Gobierno su preocupaci\u00f3n por el creciente ingreso de productos  importados al pa\u00eds, que &#8220;perjudican el empleo local y afectan a las econom\u00edas  regionales&#8221;. <br \/>As\u00ed lo revel\u00f3 el titular de la Confederaci\u00f3n General Econ\u00f3mica  (CGE), Marcelo Fern\u00e1ndez, en el marco de un encuentro que los empresarios  mantuvieron con el ministro de Trabajo, Carlos Tomada.<\/p>\n<p>&#8220;Nuestra lucha es  revertir la tendencia creciente de art\u00edculos importados, que perjudica el empleo  en la industria nacional y que afecta por igual a las econom\u00edas regionales&#8221;,  dijo Fern\u00e1ndez en esa reuni\u00f3n. <br \/>El empresario advirti\u00f3 que el ingreso de  mercader\u00eda importada &#8220;con enormes deficiencias de los organismos de control y a  precios subfacturados absorbi\u00f3 el consumo interno, fren\u00f3 el crecimiento  industrial y produjo un descenso del empleo de un 12,81 por ciento en el primer  bimestre de 2005&#8221; respecto a igual per\u00edodo de 2004. <br \/>&#8220;Este dato respalda  nuestra advertencia: la importaci\u00f3n indiscriminada es sin\u00f3nimo de desempleo&#8221;,  a\u00f1adi\u00f3. <br \/>De la reuni\u00f3n tambi\u00e9n participaron los presidentes de la Fundaci\u00f3n  Pro Tejer, Aldo Karagozi\u00e1n: de la C\u00e1mara del Calzado, Alberto Sellaro; de la  Cooperativa de Laboratorios Farmac\u00e9uticos, Irene Kampel; y los representantes de  la C\u00e1mara de la Industria Marroquinera, Ra\u00fal Zylbersztein y Daniel Donikian y de  la C\u00e1mara Industrial de Beb\u00e9s y Ni\u00f1os, Antonio Lobowicz. <br \/>Por su parte,  Tomada asegur\u00f3 que el Gobierno &#8220;est\u00e1 empe\u00f1ado en cambiar o corregir el  funcionamiento de organismos que estaban acostumbrados a practicar pol\u00edticas que  debilitaron al Estado y da\u00f1aron a la producci\u00f3n nacional.&#8221;<\/p>\n<p>\u00a0<\/p>\n","protected":false},"excerpt":{"rendered":"<div><span style=\"color: #3366ff;\">Empresarios de la producci\u00f3n se quejan por el ingreso de  productos importados<\/span><\/div>\n<p>Buenos Aires, marzo 2 (NA) &#8212; Empresarios de distintos sectores de la producci\u00f3n  le expresaron al Gobierno su preocupaci\u00f3n por el creciente ingreso de productos  importados al pa\u00eds, que &#8220;perjudican el empleo local y afectan a las econom\u00edas  regionales&#8221;. <br \/>As\u00ed lo revel\u00f3 el titular de la Confederaci\u00f3n General Econ\u00f3mica  (CGE), Marcelo Fern\u00e1ndez, en el marco de un encuentro que los empresarios  mantuvieron con el ministro de Trabajo, Carlos Tomada.<\/p>\n","protected":false},"author":1,"featured_media":0,"comment_status":"closed","ping_status":"open","sticky":false,"template":"","format":"standard","meta":{"footnotes":""},"categories":[3],"tags":[],"class_list":["post-76989","post","type-post","status-publish","format-standard","hentry","category-ultimas-noticias"],"_links":{"self":[{"href":"https:\/\/ic.tecnopc.com.ar\/index.php\/wp-json\/wp\/v2\/posts\/76989","targetHints":{"allow":["GET"]}}],"collection":[{"href":"https:\/\/ic.tecnopc.com.ar\/index.php\/wp-json\/wp\/v2\/posts"}],"about":[{"href":"https:\/\/ic.tecnopc.com.ar\/index.php\/wp-json\/wp\/v2\/types\/post"}],"author":[{"embeddable":true,"href":"https:\/\/ic.tecnopc.com.ar\/index.php\/wp-json\/wp\/v2\/users\/1"}],"replies":[{"embeddable":true,"href":"https:\/\/ic.tecnopc.com.ar\/index.php\/wp-json\/wp\/v2\/comments?post=76989"}],"version-history":[{"count":0,"href":"https:\/\/ic.tecnopc.com.ar\/index.php\/wp-json\/wp\/v2\/posts\/76989\/revisions"}],"wp:attachment":[{"href":"https:\/\/ic.tecnopc.com.ar\/index.php\/wp-json\/wp\/v2\/media?parent=76989"}],"wp:term":[{"taxonomy":"category","embeddable":true,"href":"https:\/\/ic.tecnopc.com.ar\/index.php\/wp-json\/wp\/v2\/categories?post=76989"},{"taxonomy":"post_tag","embeddable":true,"href":"https:\/\/ic.tecnopc.com.ar\/index.php\/wp-json\/wp\/v2\/tags?post=76989"}],"curies":[{"name":"wp","href":"https:\/\/api.w.org\/{rel}","templated":true}]}}