{"id":77002,"date":"2005-04-05T03:00:00","date_gmt":"2005-04-05T06:00:00","guid":{"rendered":"http:\/\/martineziuliano.com.ar\/web\/una-pelicula-conocida-i\/"},"modified":"2005-04-05T03:00:00","modified_gmt":"2005-04-05T06:00:00","slug":"una-pelicula-conocida-i-2","status":"publish","type":"post","link":"https:\/\/ic.tecnopc.com.ar\/index.php\/2005\/04\/05\/una-pelicula-conocida-i-2\/","title":{"rendered":"UNA PELICULA CONOCIDA I"},"content":{"rendered":"<div><span style=\"color: #3366ff;\">Firman un &#8220;pacto social&#8221; para fomentar el desarrollo de la  industria nacional<\/span><\/div>\n<p>Buenos Aires, abril 4 (NA) &#8212; Empresarios y sindicalistas firmar\u00e1n ma\u00f1ana un  &#8220;pacto social&#8221;, con el fin de alcanzar un acuerdo estrat\u00e9gico que &#8220;fomente el  desarrollo industrial y la producci\u00f3n nacional para alcanzar el pleno empleo y  el bienestar social&#8221;.<\/p>\n<p>\u00a0<\/p>\n<p>As\u00ed lo anticip\u00f3 el presidente de la Confederaci\u00f3n  General Econ\u00f3mica, Marcelo Fern\u00e1ndez, quien destac\u00f3 la presencia, en ese acto,  del ministro de Trabajo, Carlos Tomada; el secretario de Industria de la Naci\u00f3n,  Miguel Peirano, y el subsecretario Pyme, Federico Poli. <br \/>La firma se  realizar\u00e1 ma\u00f1ana a las 19:00 en la Biblioteca Nacional, y anunciaron su apoyo  c\u00e1maras de empresarios textiles, del juguete, laboratorios, metal\u00fargicos,  calzado, cuero, curtidores, marroquineros y agropecuarios, entre otros. <br \/>Por  los trabajadores, refrendar\u00e1n el acuerdo los secretarios generales de la Uni\u00f3n  Obrera Metal\u00fargica, Federaci\u00f3n de Sindicatos Textiles y Uni\u00f3n de Trabajadores  Rurales, entre otros. <br \/>A trav\u00e9s de un comunicado, Fern\u00e1ndez destac\u00f3 que la  reuni\u00f3n de ma\u00f1ana &#8220;ser\u00e1 una magn\u00edfica oportunidad, adem\u00e1s, para saldar una  injusticia y solicitarle al gobierno nacional la restituci\u00f3n de la ciudadan\u00eda  -arrebatada por la dictadura militar- a nuestro fundador, Jos\u00e9 Ber Gelbard, y al  ex presidente de la entidad Julio Broner&#8221;. <br \/>El primer &#8220;pacto social&#8221; entre  los sectores de la producci\u00f3n y el trabajo hab\u00eda sido rubricado en junio de  1973, por parte de la CGE, presidida por Julio Broner; la CGT, encabezada por  Jos\u00e9 Ignacio Rucci y por el ministro de Econom\u00eda de la Naci\u00f3n, Jos\u00e9 Ber  Gelbard.<\/p>\n<p>\u00a0<\/p>\n","protected":false},"excerpt":{"rendered":"<div><span style=\"color: #3366ff;\">Firman un &#8220;pacto social&#8221; para fomentar el desarrollo de la  industria nacional<\/span><\/div>\n<p>Buenos Aires, abril 4 (NA) &#8212; Empresarios y sindicalistas firmar\u00e1n ma\u00f1ana un  &#8220;pacto social&#8221;, con el fin de alcanzar un acuerdo estrat\u00e9gico que &#8220;fomente el  desarrollo industrial y la producci\u00f3n nacional para alcanzar el pleno empleo y  el bienestar social&#8221;.<\/p>\n<p>\u00a0<\/p>\n","protected":false},"author":1,"featured_media":0,"comment_status":"closed","ping_status":"open","sticky":false,"template":"","format":"standard","meta":{"footnotes":""},"categories":[3],"tags":[],"class_list":["post-77002","post","type-post","status-publish","format-standard","hentry","category-ultimas-noticias"],"_links":{"self":[{"href":"https:\/\/ic.tecnopc.com.ar\/index.php\/wp-json\/wp\/v2\/posts\/77002","targetHints":{"allow":["GET"]}}],"collection":[{"href":"https:\/\/ic.tecnopc.com.ar\/index.php\/wp-json\/wp\/v2\/posts"}],"about":[{"href":"https:\/\/ic.tecnopc.com.ar\/index.php\/wp-json\/wp\/v2\/types\/post"}],"author":[{"embeddable":true,"href":"https:\/\/ic.tecnopc.com.ar\/index.php\/wp-json\/wp\/v2\/users\/1"}],"replies":[{"embeddable":true,"href":"https:\/\/ic.tecnopc.com.ar\/index.php\/wp-json\/wp\/v2\/comments?post=77002"}],"version-history":[{"count":0,"href":"https:\/\/ic.tecnopc.com.ar\/index.php\/wp-json\/wp\/v2\/posts\/77002\/revisions"}],"wp:attachment":[{"href":"https:\/\/ic.tecnopc.com.ar\/index.php\/wp-json\/wp\/v2\/media?parent=77002"}],"wp:term":[{"taxonomy":"category","embeddable":true,"href":"https:\/\/ic.tecnopc.com.ar\/index.php\/wp-json\/wp\/v2\/categories?post=77002"},{"taxonomy":"post_tag","embeddable":true,"href":"https:\/\/ic.tecnopc.com.ar\/index.php\/wp-json\/wp\/v2\/tags?post=77002"}],"curies":[{"name":"wp","href":"https:\/\/api.w.org\/{rel}","templated":true}]}}