{"id":77008,"date":"2005-03-28T03:00:00","date_gmt":"2005-03-28T06:00:00","guid":{"rendered":"http:\/\/martineziuliano.com.ar\/web\/aumentos-salariales-fijos-opinion\/"},"modified":"2005-03-28T03:00:00","modified_gmt":"2005-03-28T06:00:00","slug":"aumentos-salariales-fijos-opinion-2","status":"publish","type":"post","link":"https:\/\/ic.tecnopc.com.ar\/index.php\/2005\/03\/28\/aumentos-salariales-fijos-opinion-2\/","title":{"rendered":"AUMENTOS SALARIALES FIJOS: OPINI\u00d3N"},"content":{"rendered":"<div><span style=\"color: #3366ff;\">PyMEs bonaerenses advierten que aumentos generalizados las empujar\u00edan a la  informalidad<\/span><\/div>\n<div><span style=\"color: #33cccc;\"><br \/><\/span><\/div>\n<div>Buenos Aires, marzo 27 (NA) &#8212; El presidente de la Federaci\u00f3n  Econ\u00f3mica de la Provincia de Buenos Aires, Ra\u00fal Lamacchia, advirti\u00f3 hoy que no  pueden acordarse subas salariales generalizadas como las que negocian la UIA y  la CGT, porque as\u00ed &#8220;se empuja a las peque\u00f1as y medianas empresas a la  informalidad&#8221;.<\/div>\n<div>&#8220;Los aumentos salariales no pueden ser generalizados ni por  decreto, ni por \u00edndices generales, porque no todos los sectores tienen una  actividad econ\u00f3mica y una productividad similar&#8221;, indic\u00f3 Lamacchia. <br \/>A trav\u00e9s  de un comunicado, se\u00f1al\u00f3 que &#8220;si no se acuerdan mejoras salariales por  paritarias, a las PyMEs se las empuja a una mayor informalidad&#8221;. <br \/>El titular  de FEBA se mostr\u00f3 de acuerdo con &#8220;revalorizar el salario para revitalizar el  mercado interno&#8221;, pero subray\u00f3 que &#8220;a veces los rumores de subas generalizadas  generan un recalentamiento de precios injustificado&#8221;. <br \/>Adem\u00e1s, puso de  relieve que &#8220;no es casualidad que ante versiones de aumentos generalizados, haya  aumentado el empleo en negro en los \u00faltimos meses. Las PyMEs no pueden afrontar  subas salariales de la misma magnitud que una gran empresa&#8221;. <br \/>A su criterio,  &#8220;los aumentos tienen que ser aplicados de acuerdo al crecimiento de cada uno de  los sectores de la econom\u00eda&#8221;.<\/div>\n","protected":false},"excerpt":{"rendered":"<div><span style=\"color: #3366ff;\">PyMEs bonaerenses advierten que aumentos generalizados las empujar\u00edan a la  informalidad<\/span><\/div>\n<div><span style=\"color: #33cccc;\"><br \/><\/span><\/div>\n<div>Buenos Aires, marzo 27 (NA) &#8212; El presidente de la Federaci\u00f3n  Econ\u00f3mica de la Provincia de Buenos Aires, Ra\u00fal Lamacchia, advirti\u00f3 hoy que no  pueden acordarse subas salariales generalizadas como las que negocian la UIA y  la CGT, porque as\u00ed &#8220;se empuja a las peque\u00f1as y medianas empresas a la  informalidad&#8221;.<\/div>\n<div>\n","protected":false},"author":1,"featured_media":0,"comment_status":"closed","ping_status":"open","sticky":false,"template":"","format":"standard","meta":{"footnotes":""},"categories":[3],"tags":[],"class_list":["post-77008","post","type-post","status-publish","format-standard","hentry","category-ultimas-noticias"],"_links":{"self":[{"href":"https:\/\/ic.tecnopc.com.ar\/index.php\/wp-json\/wp\/v2\/posts\/77008","targetHints":{"allow":["GET"]}}],"collection":[{"href":"https:\/\/ic.tecnopc.com.ar\/index.php\/wp-json\/wp\/v2\/posts"}],"about":[{"href":"https:\/\/ic.tecnopc.com.ar\/index.php\/wp-json\/wp\/v2\/types\/post"}],"author":[{"embeddable":true,"href":"https:\/\/ic.tecnopc.com.ar\/index.php\/wp-json\/wp\/v2\/users\/1"}],"replies":[{"embeddable":true,"href":"https:\/\/ic.tecnopc.com.ar\/index.php\/wp-json\/wp\/v2\/comments?post=77008"}],"version-history":[{"count":0,"href":"https:\/\/ic.tecnopc.com.ar\/index.php\/wp-json\/wp\/v2\/posts\/77008\/revisions"}],"wp:attachment":[{"href":"https:\/\/ic.tecnopc.com.ar\/index.php\/wp-json\/wp\/v2\/media?parent=77008"}],"wp:term":[{"taxonomy":"category","embeddable":true,"href":"https:\/\/ic.tecnopc.com.ar\/index.php\/wp-json\/wp\/v2\/categories?post=77008"},{"taxonomy":"post_tag","embeddable":true,"href":"https:\/\/ic.tecnopc.com.ar\/index.php\/wp-json\/wp\/v2\/tags?post=77008"}],"curies":[{"name":"wp","href":"https:\/\/api.w.org\/{rel}","templated":true}]}}