{"id":77040,"date":"2005-05-23T03:00:00","date_gmt":"2005-05-23T06:00:00","guid":{"rendered":"http:\/\/martineziuliano.com.ar\/web\/la-excusa-ideal-no-recuerden-la-doble-indemnizacion\/"},"modified":"2005-05-23T03:00:00","modified_gmt":"2005-05-23T06:00:00","slug":"la-excusa-ideal-no-recuerden-la-doble-indemnizacion-2","status":"publish","type":"post","link":"https:\/\/ic.tecnopc.com.ar\/index.php\/2005\/05\/23\/la-excusa-ideal-no-recuerden-la-doble-indemnizacion-2\/","title":{"rendered":"LA EXCUSA IDEAL: NO RECUERDEN LA DOBLE INDEMNIZACI\u00d3N"},"content":{"rendered":"<div><span style=\"color: #3366ff;\">Por la suba del desempleo, la baja de la doble indemnizaci\u00f3n  qued\u00f3 en suspenso<\/span><\/div>\n<div><span style=\"color: #33cccc;\"><br \/><\/span><\/div>\n<div>Buenos Aires, mayo 23 (NA) &#8212; El Gobierno tom\u00f3 la decisi\u00f3n de  dejar en suspenso la baja de la doble indemnizaci\u00f3n, debido a la suba que se  registr\u00f3 en el nivel de desempleo en el primer trimestre del a\u00f1o.<\/div>\n<div>As\u00ed lo  reconoci\u00f3 la viceministra de Trabajo, Noem\u00ed Rial, quien puntualiz\u00f3 que la suba  del desempleo (que en los primeros tres meses del a\u00f1o lleg\u00f3 al 13 por ciento)  &#8220;obligar\u00e1 a analizar la evoluci\u00f3n de los \u00edndices del segundo trimestre, antes de  tomar una decisi\u00f3n sobre las indemnizaciones&#8221;. <br \/>Rial hab\u00eda anticipado, la  semana pasada, que la cartera laboral estudiaba una rebaja parcial del  incremento indemnizatorio, que fue del 100 por ciento entre enero de 2002 y  mediados de 2004, y hoy llega al 80 por ciento, seg\u00fan record\u00f3 el matutino El  Cronista. <br \/>La funcionaria sostuvo que la suba del desempleo del primer  trimestre (un 7,4 por ciento m\u00e1s que en el per\u00edodo anterior) tuvo su origen en  factores estacionales, e indic\u00f3 que la tendencia se revertir\u00e1 a lo largo del  segundo trimestre del a\u00f1o, que concluye el mes que viene.<\/div>\n","protected":false},"excerpt":{"rendered":"<div><span style=\"color: #3366ff;\">Por la suba del desempleo, la baja de la doble indemnizaci\u00f3n  qued\u00f3 en suspenso<\/span><\/div>\n<div><span style=\"color: #33cccc;\"><br \/><\/span><\/div>\n<div>Buenos Aires, mayo 23 (NA) &#8212; El Gobierno tom\u00f3 la decisi\u00f3n de  dejar en suspenso la baja de la doble indemnizaci\u00f3n, debido a la suba que se  registr\u00f3 en el nivel de desempleo en el primer trimestre del a\u00f1o.<\/div>\n<div>\n","protected":false},"author":1,"featured_media":0,"comment_status":"closed","ping_status":"open","sticky":false,"template":"","format":"standard","meta":{"footnotes":""},"categories":[3],"tags":[],"class_list":["post-77040","post","type-post","status-publish","format-standard","hentry","category-ultimas-noticias"],"_links":{"self":[{"href":"https:\/\/ic.tecnopc.com.ar\/index.php\/wp-json\/wp\/v2\/posts\/77040","targetHints":{"allow":["GET"]}}],"collection":[{"href":"https:\/\/ic.tecnopc.com.ar\/index.php\/wp-json\/wp\/v2\/posts"}],"about":[{"href":"https:\/\/ic.tecnopc.com.ar\/index.php\/wp-json\/wp\/v2\/types\/post"}],"author":[{"embeddable":true,"href":"https:\/\/ic.tecnopc.com.ar\/index.php\/wp-json\/wp\/v2\/users\/1"}],"replies":[{"embeddable":true,"href":"https:\/\/ic.tecnopc.com.ar\/index.php\/wp-json\/wp\/v2\/comments?post=77040"}],"version-history":[{"count":0,"href":"https:\/\/ic.tecnopc.com.ar\/index.php\/wp-json\/wp\/v2\/posts\/77040\/revisions"}],"wp:attachment":[{"href":"https:\/\/ic.tecnopc.com.ar\/index.php\/wp-json\/wp\/v2\/media?parent=77040"}],"wp:term":[{"taxonomy":"category","embeddable":true,"href":"https:\/\/ic.tecnopc.com.ar\/index.php\/wp-json\/wp\/v2\/categories?post=77040"},{"taxonomy":"post_tag","embeddable":true,"href":"https:\/\/ic.tecnopc.com.ar\/index.php\/wp-json\/wp\/v2\/tags?post=77040"}],"curies":[{"name":"wp","href":"https:\/\/api.w.org\/{rel}","templated":true}]}}