{"id":77048,"date":"2005-05-10T03:00:00","date_gmt":"2005-05-10T06:00:00","guid":{"rendered":"http:\/\/martineziuliano.com.ar\/web\/importacion-textil-de-brasil\/"},"modified":"2005-05-10T03:00:00","modified_gmt":"2005-05-10T06:00:00","slug":"importacion-textil-de-brasil-2","status":"publish","type":"post","link":"https:\/\/ic.tecnopc.com.ar\/index.php\/2005\/05\/10\/importacion-textil-de-brasil-2\/","title":{"rendered":"IMPORTACI\u00d3N TEXTIL DE BRASIL"},"content":{"rendered":"<div><span style=\"color: #3366ff;\">Empresarios y trabajadores textiles preocupados por las  importaciones brasile\u00f1as<\/span><\/div>\n<p>Buenos Aires, mayo 9 (NA) &#8212; Empresarios y trabajadores de la industria textil  respaldaron hoy la postura del Ministerio de Econom\u00eda de aplicar aranceles o  restringir el ingreso de mercader\u00edas desde Brasil y consideraron que ese pa\u00eds  &#8220;practica una pol\u00edtica comercial depredadora que restringe las inversiones y la  capacidad de generar trabajo argentino&#8221;.<\/p>\n<p>As\u00ed lo expresaron, luego de una  reuni\u00f3n mantenida hoy, los directivos de la Fundaci\u00f3n Pro Tejer &#8211;que agrupa a  los industriales textiles&#8211; y de la Asociaci\u00f3n Obrera Textil. <br \/>Seg\u00fan se  inform\u00f3, industriales y gremialistas se reunieron en la sede de la entidad  empresaria para analizar el incremento en las importaciones brasile\u00f1as, que  calcularon en un 20 por ciento durante el primer bimestre en comparaci\u00f3n con  igual per\u00edodo de 2004. <br \/>Adem\u00e1s, los dirigentes del sector rechazaron la  posici\u00f3n del canciller de Brasil, Celso Amorin, quien manifest\u00f3 su negativa a  que la Argentina aplique aranceles o restricciones transitorias al ingreso de  productos desde ese pa\u00eds. <br \/>&#8220;No aceptaremos como industriales y obreros  argentinos que la posici\u00f3n irreflexiva del canciller Amor\u00edn de rechazar de plano  cualquier mecanismo que interfiera en los desequilibrios comerciales del  Mercosur, pretenda condicionar a las autoridades nacionales de nuestro pa\u00eds,&#8221;  se\u00f1alaron en el comunicado conjunto. <br \/>Adem\u00e1s, expresaron su apoyo a &#8220;la  decisi\u00f3n del gobierno argentino de exigir mecanismos de regulaci\u00f3n cuando los  datos de la realidad demuestren efectivamente un da\u00f1o a la industria nacional&#8221;.  <br \/>&#8220;Adherimos, por lo tanto, a la posici\u00f3n que sostiene el Ministerio de  Econom\u00eda de fijar aranceles m\u00f3viles o restricciones cuantitativas al ingreso de  productos&#8221;, se\u00f1alaron. <br \/>Seg\u00fan datos del sector, en el primer bimestre las  importaciones totalizaron 60 millones de d\u00f3lares, representando un 45 por ciento  del total y registrando un crecimiento del 20 por ciento respecto a igual  per\u00edodo del a\u00f1o anterior. <br \/>Precisaron que en el resto del mundo los  productores brasile\u00f1os comercializan sus toallas un 25 por ciento m\u00e1s caro que  en la Argentina. <br \/>&#8220;Como consecuencia de esta pol\u00edtica, el 60 por ciento  actual del mercado de toallas de nuestro pa\u00eds est\u00e1 en manos de productores  brasile\u00f1os&#8221;, indicaron.<\/p>\n","protected":false},"excerpt":{"rendered":"<div><span style=\"color: #3366ff;\">Empresarios y trabajadores textiles preocupados por las  importaciones brasile\u00f1as<\/span><\/div>\n<p>Buenos Aires, mayo 9 (NA) &#8212; Empresarios y trabajadores de la industria textil  respaldaron hoy la postura del Ministerio de Econom\u00eda de aplicar aranceles o  restringir el ingreso de mercader\u00edas desde Brasil y consideraron que ese pa\u00eds  &#8220;practica una pol\u00edtica comercial depredadora que restringe las inversiones y la  capacidad de generar trabajo argentino&#8221;.<\/p>\n","protected":false},"author":1,"featured_media":0,"comment_status":"closed","ping_status":"open","sticky":false,"template":"","format":"standard","meta":{"footnotes":""},"categories":[3],"tags":[],"class_list":["post-77048","post","type-post","status-publish","format-standard","hentry","category-ultimas-noticias"],"_links":{"self":[{"href":"https:\/\/ic.tecnopc.com.ar\/index.php\/wp-json\/wp\/v2\/posts\/77048","targetHints":{"allow":["GET"]}}],"collection":[{"href":"https:\/\/ic.tecnopc.com.ar\/index.php\/wp-json\/wp\/v2\/posts"}],"about":[{"href":"https:\/\/ic.tecnopc.com.ar\/index.php\/wp-json\/wp\/v2\/types\/post"}],"author":[{"embeddable":true,"href":"https:\/\/ic.tecnopc.com.ar\/index.php\/wp-json\/wp\/v2\/users\/1"}],"replies":[{"embeddable":true,"href":"https:\/\/ic.tecnopc.com.ar\/index.php\/wp-json\/wp\/v2\/comments?post=77048"}],"version-history":[{"count":0,"href":"https:\/\/ic.tecnopc.com.ar\/index.php\/wp-json\/wp\/v2\/posts\/77048\/revisions"}],"wp:attachment":[{"href":"https:\/\/ic.tecnopc.com.ar\/index.php\/wp-json\/wp\/v2\/media?parent=77048"}],"wp:term":[{"taxonomy":"category","embeddable":true,"href":"https:\/\/ic.tecnopc.com.ar\/index.php\/wp-json\/wp\/v2\/categories?post=77048"},{"taxonomy":"post_tag","embeddable":true,"href":"https:\/\/ic.tecnopc.com.ar\/index.php\/wp-json\/wp\/v2\/tags?post=77048"}],"curies":[{"name":"wp","href":"https:\/\/api.w.org\/{rel}","templated":true}]}}