{"id":77082,"date":"2005-08-26T03:00:00","date_gmt":"2005-08-26T06:00:00","guid":{"rendered":"http:\/\/martineziuliano.com.ar\/web\/datos-economicos-agosto-2005\/"},"modified":"2005-08-26T03:00:00","modified_gmt":"2005-08-26T06:00:00","slug":"datos-economicos-agosto-2005-2","status":"publish","type":"post","link":"https:\/\/ic.tecnopc.com.ar\/index.php\/2005\/08\/26\/datos-economicos-agosto-2005-2\/","title":{"rendered":"DATOS ECON\u00d3MICOS AGOSTO 2005"},"content":{"rendered":"<div><span style=\"color: #3366ff;\">Confirman crecimiento industrial y el ritmo de demanda  interna y exportaciones en agosto<\/span><\/div>\n<div>\n<div>Buenos Aires, ago. 25 (NA) &#8212; El 25,9 por ciento de las  empresas asegura que en agosto contin\u00faa creciendo la demanda interna y otro 32,7  por ciento que aumentan sus exportaciones, de acuerdo con la encuesta que dio a  conocer hoy el INDEC, que confirm\u00f3 que el crecimiento industrial de julio fue  del 6,5 por ciento. <br \/>El organismo inform\u00f3 los datos definitivos de julio del  Estimador Mensual Industrial (EMI) y los resultados de la Encuesta Cualitativa  Industrial, que releva a las empresas de los cien productos l\u00edderes que se  comercializan en el pa\u00eds. <br \/>Las cifras del EMI ratificaron que en julio la  industria creci\u00f3 6,5 por ciento respecto de igual mes del a\u00f1o anterior y 0,1 por  ciento respecto de mayo \u00faltimo. <br \/>En los primeros siete meses del a\u00f1o, la  producci\u00f3n de bienes creci\u00f3 7,1 por ciento, respecto de igual per\u00edodo del a\u00f1o  anterior, mientras que la utilizaci\u00f3n de la capacidad instalada en julio alcanz\u00f3  a un promedio del 72,1 por ciento. <br \/>Seg\u00fan la Encuesta Industrial, el 66,7 por  ciento de las empresas se\u00f1ala un ritmo estable en la demanda interna durante  agosto. <br \/>En tanto el 63,5 por ciento de las empresas estima que el ritmo de  las exportaciones no cambia y el 3,8 por ciento verifica una baja en las ventas  al exterior. <br \/>El 92,6 por ciento de las firmas no advierte cambios en la  dotaci\u00f3n de personal, en tanto que el 5,6 por ciento vislumbra una suba y el 1,8  por ciento advierte que debe despedir personal. <br \/>El 86,5 por ciento de las  empresas comprueba un ritmo estable en la cantidad de horas trabajadas, mientras  que el 7,7 por ciento dice que suba y el 5,8 por ciento observa una  ca\u00edda.<\/div>\n<\/p><\/div>\n","protected":false},"excerpt":{"rendered":"<div><span style=\"color: #3366ff;\">Confirman crecimiento industrial y el ritmo de demanda  interna y exportaciones en agosto<\/span><\/div>\n<div>\n<div>Buenos Aires, ago. 25 (NA) &#8212; El 25,9 por ciento de las  empresas asegura que en agosto contin\u00faa creciendo la demanda interna y otro 32,7  por ciento que aumentan sus exportaciones, de acuerdo con la encuesta que dio a  conocer hoy el INDEC, que confirm\u00f3 que el crecimiento industrial de julio fue  del 6,5 por ciento. <br \/>El organismo inform\u00f3 los datos definitivos de julio del  Estimador Mensual Industrial (EMI) y los resultados de la Encuesta Cualitativa  Industrial, que releva a las empresas de los cien productos l\u00edderes que se  comercializan en el pa\u00eds.<\/p>\n","protected":false},"author":1,"featured_media":0,"comment_status":"closed","ping_status":"open","sticky":false,"template":"","format":"standard","meta":{"footnotes":""},"categories":[3],"tags":[],"class_list":["post-77082","post","type-post","status-publish","format-standard","hentry","category-ultimas-noticias"],"_links":{"self":[{"href":"https:\/\/ic.tecnopc.com.ar\/index.php\/wp-json\/wp\/v2\/posts\/77082","targetHints":{"allow":["GET"]}}],"collection":[{"href":"https:\/\/ic.tecnopc.com.ar\/index.php\/wp-json\/wp\/v2\/posts"}],"about":[{"href":"https:\/\/ic.tecnopc.com.ar\/index.php\/wp-json\/wp\/v2\/types\/post"}],"author":[{"embeddable":true,"href":"https:\/\/ic.tecnopc.com.ar\/index.php\/wp-json\/wp\/v2\/users\/1"}],"replies":[{"embeddable":true,"href":"https:\/\/ic.tecnopc.com.ar\/index.php\/wp-json\/wp\/v2\/comments?post=77082"}],"version-history":[{"count":0,"href":"https:\/\/ic.tecnopc.com.ar\/index.php\/wp-json\/wp\/v2\/posts\/77082\/revisions"}],"wp:attachment":[{"href":"https:\/\/ic.tecnopc.com.ar\/index.php\/wp-json\/wp\/v2\/media?parent=77082"}],"wp:term":[{"taxonomy":"category","embeddable":true,"href":"https:\/\/ic.tecnopc.com.ar\/index.php\/wp-json\/wp\/v2\/categories?post=77082"},{"taxonomy":"post_tag","embeddable":true,"href":"https:\/\/ic.tecnopc.com.ar\/index.php\/wp-json\/wp\/v2\/tags?post=77082"}],"curies":[{"name":"wp","href":"https:\/\/api.w.org\/{rel}","templated":true}]}}