{"id":77092,"date":"2005-08-12T03:00:00","date_gmt":"2005-08-12T06:00:00","guid":{"rendered":"http:\/\/martineziuliano.com.ar\/web\/inspecciones-del-ministerio-de-trabajo\/"},"modified":"2005-08-12T03:00:00","modified_gmt":"2005-08-12T06:00:00","slug":"inspecciones-del-ministerio-de-trabajo-2","status":"publish","type":"post","link":"https:\/\/ic.tecnopc.com.ar\/index.php\/2005\/08\/12\/inspecciones-del-ministerio-de-trabajo-2\/","title":{"rendered":"INSPECCIONES DEL MINISTERIO DE TRABAJO"},"content":{"rendered":"<div><span style=\"color: #3366ff;\">Habr\u00e1 200.000 Inspecciones para Combatir el Trabajo en  Negro<\/span><\/div>\n<div>\n<div>Se har\u00e1n sobre las empresas y en el transcurso de un a\u00f1o. Lo  anunci\u00f3 ayer el Ministerio de Trabajo, que compartir\u00e1 con la AFIP el control del  empleo no registrado. <br \/>Adem\u00e1s, incorporar\u00e1n a 400 inspectores. <br \/>El  Ministerio de Trabajo compartir\u00e1 con la AFIP la facultad de imponer sanciones y  multas a las empresas que tengan trabajadores en negro. Hasta ahora, ese poder  estaba exclusivamente en manos de la AFIP. <br \/>As\u00ed lo anunci\u00f3 ayer el ministro  Carlos Tomada, en una conferencia de prensa realizada en la Casa de Gobierno,  junto al jefe de la AFIP, Alberto Abad.<br \/>Seg\u00fan los \u00faltimos datos del INDEC,  del primer trimestre de 2005, el 47,5% de los asalariados \u2014 unos 5 millones de  trabajadores\u2014 no est\u00e1n registrados por las empresas donde trabajan. <br \/>Estas  cifras no incluyen el trabajo parcialmente registrado, aquel en que una parte  del salario se paga en blanco y el resto en negro (salario &#8220;en gris&#8221;) o se  registra al trabajador con menores horas que las que efectivamente  trabaja.<br \/>Tomada anticip\u00f3 que el Ministerio Trabajo realizar\u00e1 200.000  inspecciones a empresas en un a\u00f1o, con el objeto de eliminar o &#8220;reducir a su  m\u00ednima expresi\u00f3n&#8221; el empleo informal o &#8220;en negro&#8221;. Y agreg\u00f3 que el objetivo es  &#8220;lograr la registraci\u00f3n plena de los trabajadores con los correspondientes  beneficios vinculados a la protecci\u00f3n laboral y a las prestaciones sociales&#8221; y  &#8220;reducir la evasi\u00f3n de aportes y contribuciones para sostener el sistema de  seguridad social con recursos genuinos&#8221;.<br \/>El titular de Trabajo adelant\u00f3 que  para asegurar esas inspecciones se increment\u00f3 en 30 millones de pesos el  presupuesto de la cartera laboral y se incorporar\u00e1n a m\u00e1s de 400 nuevos agentes  para concretar los operativos. Tambi\u00e9n anticip\u00f3 que se est\u00e1 incorporando  tecnolog\u00eda inform\u00e1tica para agilizar y hacer m\u00e1s efectivas las  inspecciones.<br \/>Tanto sectores sindicales como empresarios vienen planteando la  necesidad de &#8220;erradicar&#8221; el empleo en negro. En el caso sindical, porque el  empleo no registrado implica para los trabajadores menores sueldos y beneficios  sociales, mientras los empresarios consideran que crea una competencia desleal  con relaci\u00f3n a las empresas que cumplen con las obligaciones  laborales.<br \/>Tomada tambi\u00e9n inform\u00f3 que en los \u00faltimos meses se realizaron  97.232 inspecciones y se detect\u00f3 un alto porcentaje de empleo en negro. Y se  logr\u00f3 disminuir el empleo en negro en un 25% en las empresas inspeccionadas,  &#8220;sin necesidad de aplicar multas u otras sanciones a los empresarios&#8221;. <br \/>Del  universo inspeccionado surge que:<br \/>\u2022 En la industria de la madera y muebles el  46% de los trabajadores no estaba registrado.<br \/>\u2022 En el trabajo rural, el  44%.<br \/>\u2022 En restaurantes, el 39%.<br \/>\u2022 En transporte de carga, el 30%<br \/>\u2022 En  la construcci\u00f3n, el 28%.<\/p>\n<p>El empleo en negro es un fen\u00f3meno que viene en  ascenso desde los 90, cuando orillaba el 25%. A mediados de esa d\u00e9cada salt\u00f3 al  30% y en 2001, lleg\u00f3 al 38,8%, a pesar de que se redujo el costo laboral por las  rebajas de los aportes patronales, los convenios flexibles y la deflaci\u00f3n de  salarios. <br \/>Con la crisis de 2001\/2002, el trabajo no registrado super\u00f3 el  40%, para alcanzar el tope del 49,5% en la segunda mitad de 2003, a pesar de la  fuerte ca\u00edda del salario real por la inflaci\u00f3n. <br \/>Ahora, seg\u00fan Tomada, de los  nuevos empleos creados en el \u00faltimo a\u00f1o el 84% es en blanco y el 16% en negro,  cuando &#8220;en la d\u00e9cada del 90 solo 7 de cada 100 eran registrados&#8221;.<\/div>\n<\/p><\/div>\n","protected":false},"excerpt":{"rendered":"<div><span style=\"color: #3366ff;\">Habr\u00e1 200.000 Inspecciones para Combatir el Trabajo en  Negro<\/span><\/div>\n<div>\n<div>Se har\u00e1n sobre las empresas y en el transcurso de un a\u00f1o. Lo  anunci\u00f3 ayer el Ministerio de Trabajo, que compartir\u00e1 con la AFIP el control del  empleo no registrado. <br \/>Adem\u00e1s, incorporar\u00e1n a 400 inspectores. <br \/>El  Ministerio de Trabajo compartir\u00e1 con la AFIP la facultad de imponer sanciones y  multas a las empresas que tengan trabajadores en negro. Hasta ahora, ese poder  estaba exclusivamente en manos de la AFIP.<\/p>\n","protected":false},"author":1,"featured_media":0,"comment_status":"closed","ping_status":"open","sticky":false,"template":"","format":"standard","meta":{"footnotes":""},"categories":[3],"tags":[],"class_list":["post-77092","post","type-post","status-publish","format-standard","hentry","category-ultimas-noticias"],"_links":{"self":[{"href":"https:\/\/ic.tecnopc.com.ar\/index.php\/wp-json\/wp\/v2\/posts\/77092","targetHints":{"allow":["GET"]}}],"collection":[{"href":"https:\/\/ic.tecnopc.com.ar\/index.php\/wp-json\/wp\/v2\/posts"}],"about":[{"href":"https:\/\/ic.tecnopc.com.ar\/index.php\/wp-json\/wp\/v2\/types\/post"}],"author":[{"embeddable":true,"href":"https:\/\/ic.tecnopc.com.ar\/index.php\/wp-json\/wp\/v2\/users\/1"}],"replies":[{"embeddable":true,"href":"https:\/\/ic.tecnopc.com.ar\/index.php\/wp-json\/wp\/v2\/comments?post=77092"}],"version-history":[{"count":0,"href":"https:\/\/ic.tecnopc.com.ar\/index.php\/wp-json\/wp\/v2\/posts\/77092\/revisions"}],"wp:attachment":[{"href":"https:\/\/ic.tecnopc.com.ar\/index.php\/wp-json\/wp\/v2\/media?parent=77092"}],"wp:term":[{"taxonomy":"category","embeddable":true,"href":"https:\/\/ic.tecnopc.com.ar\/index.php\/wp-json\/wp\/v2\/categories?post=77092"},{"taxonomy":"post_tag","embeddable":true,"href":"https:\/\/ic.tecnopc.com.ar\/index.php\/wp-json\/wp\/v2\/tags?post=77092"}],"curies":[{"name":"wp","href":"https:\/\/api.w.org\/{rel}","templated":true}]}}