{"id":77096,"date":"2005-08-11T03:00:00","date_gmt":"2005-08-11T06:00:00","guid":{"rendered":"http:\/\/martineziuliano.com.ar\/web\/rentas-clausura-carrefour\/"},"modified":"2005-08-11T03:00:00","modified_gmt":"2005-08-11T06:00:00","slug":"rentas-clausura-carrefour-2","status":"publish","type":"post","link":"https:\/\/ic.tecnopc.com.ar\/index.php\/2005\/08\/11\/rentas-clausura-carrefour-2\/","title":{"rendered":"RENTAS CLAUSURA CARREFOUR"},"content":{"rendered":"<div><span style=\"color: #3366ff;\">Clausuraron por evasi\u00f3n un hipermercado en La Plata; la  empresa calific\u00f3 a la medida de &#8220;arbitraria y desproporcionada&#8221;<\/span><\/div>\n<div>Buenos Aires, ago. 11 (NA) &#8212; El Gobierno bonaerense clausur\u00f3  hoy un hipermercado Carrefour ubicado en la ciudad de La Plata, al detectar  &#8220;maniobras de evasi\u00f3n impositiva&#8221;, en una medida que la firma -de capitales  franceses- calific\u00f3 de &#8220;arbitraria y desproporcionada&#8221;.<\/div>\n<div>El subsecretario de  Ingresos P\u00fablicos provincial, Santiago Montoya, precis\u00f3 que el establecimiento  deber\u00e1 permanecer cerrado hasta ma\u00f1ana y podr\u00e1 volver a atender con normalidad  desde el s\u00e1bado pr\u00f3ximo. <br \/>En declaraciones radiales, el funcionario coment\u00f3  que los trabajos de fiscalizaci\u00f3n contra el establecimiento clausurado  comenzaron en 1998, &#8220;a\u00f1o en el que detectamos operaciones de compra de bienes  que no estaban adecuadamente registradas&#8221;. <br \/>&#8220;Esta situaci\u00f3n dio lugar a un  largo proceso judicial. En 2003 pudimos efectivizar la clausura, que solo dur\u00f3  un d\u00eda y no tres como es habitual, ya que la empresa hizo uso m\u00e1ximo de su  defensa en sede judicial&#8221;, puntualiz\u00f3. <br \/>En ese sentido, a\u00f1adi\u00f3 que  &#8220;necesitamos ocho pronunciamientos judiciales hasta que la Corte Suprema de la  Naci\u00f3n nos dio la raz\u00f3n y nos permiti\u00f3 completar el procedimiento que se hab\u00eda  dispuesto hace dos a\u00f1os&#8221;. <br \/>Montoya advirti\u00f3 que &#8220;hay otras empresas de  similares caracter\u00edsticas con los mismos problemas fiscales, y para ellas, las  sanciones son inminentes&#8221;. <br \/>Seg\u00fan indic\u00f3, &#8220;las empresas chicas, medianas y  grandes tienen que cumplir con la legislaci\u00f3n impositiva&#8221;. <br \/>A\u00f1adi\u00f3 que en lo  que va del a\u00f1o, &#8220;llevamos m\u00e1s de 430 clausuras&#8221; en todo el territorio  provincial. <br \/>Ante esto, la empresa calific\u00f3 de &#8220;desproporcionada y  arbitraria&#8221; la clausura, ya que, seg\u00fan dijo, la infracci\u00f3n detectada por el  fisco bonaerense se debi\u00f3 a &#8220;un error en el c\u00f3digo de barras de dos producto,  registrada hace ocho a\u00f1os&#8221;. <br \/>&#8220;La acci\u00f3n arbitraria tomada por la  Subsecretar\u00eda de Ingresos P\u00fablicos bonaerense, implicar\u00e1 el cierre del  hipermercado platense durante dos d\u00edas&#8221;, puntualiz\u00f3 Carrefour, en un comunicado.  <br \/>La empresa agreg\u00f3 que &#8220;la causa data de 1997 y el hecho que le dio origen  fue un error t\u00e9cnico-administrativo en la carga de los c\u00f3digos de barra de dos  productos, que en ese entonces se hac\u00eda manualmente&#8221;. <br \/>&#8220;Dicho error no  implic\u00f3 un perjuicio de la compa\u00f1\u00eda hacia el fisco o el p\u00fablico en general, ni  tampoco hubo dolo o evasi\u00f3n alguna. De inmediato la empresa realiz\u00f3 la  rectificaci\u00f3n correspondiente&#8221;, agreg\u00f3. <br \/>Lament\u00f3 que &#8220;hoy, ocho a\u00f1os m\u00e1s  tarde, un fallo de la Justicia que, por su naturaleza, no se centr\u00f3 en el fondo  del asunto, permite que se haga lugar a dos d\u00edas de clausura&#8221;. <br \/>Por otra  parte, Carrefour denunci\u00f3 que el procedimiento de clausura fue realizado en un  &#8220;marco arbitrario y medi\u00e1tico de la aplicaci\u00f3n de la medida, que no guarda  proporci\u00f3n alguna con la magnitud real de la causa, ni con su antig\u00fcedad&#8221;.  <br \/>Asegur\u00f3 tambi\u00e9n que la empresa tom\u00f3 conocimiento de la medida &#8220;a \u00faltima hora  del mi\u00e9rcoles 10 y no por v\u00eda judicial, sin tener la oportunidad de informar a  empleados y clientes, caus\u00e1ndoles perjuicios y molestias a ambos&#8221;.<\/div>\n","protected":false},"excerpt":{"rendered":"<div><span style=\"color: #3366ff;\">Clausuraron por evasi\u00f3n un hipermercado en La Plata; la  empresa calific\u00f3 a la medida de &#8220;arbitraria y desproporcionada&#8221;<\/span><\/div>\n<div>Buenos Aires, ago. 11 (NA) &#8212; El Gobierno bonaerense clausur\u00f3  hoy un hipermercado Carrefour ubicado en la ciudad de La Plata, al detectar  &#8220;maniobras de evasi\u00f3n impositiva&#8221;, en una medida que la firma -de capitales  franceses- calific\u00f3 de &#8220;arbitraria y desproporcionada&#8221;.<\/div>\n<div>\n","protected":false},"author":1,"featured_media":0,"comment_status":"closed","ping_status":"open","sticky":false,"template":"","format":"standard","meta":{"footnotes":""},"categories":[3],"tags":[],"class_list":["post-77096","post","type-post","status-publish","format-standard","hentry","category-ultimas-noticias"],"_links":{"self":[{"href":"https:\/\/ic.tecnopc.com.ar\/index.php\/wp-json\/wp\/v2\/posts\/77096","targetHints":{"allow":["GET"]}}],"collection":[{"href":"https:\/\/ic.tecnopc.com.ar\/index.php\/wp-json\/wp\/v2\/posts"}],"about":[{"href":"https:\/\/ic.tecnopc.com.ar\/index.php\/wp-json\/wp\/v2\/types\/post"}],"author":[{"embeddable":true,"href":"https:\/\/ic.tecnopc.com.ar\/index.php\/wp-json\/wp\/v2\/users\/1"}],"replies":[{"embeddable":true,"href":"https:\/\/ic.tecnopc.com.ar\/index.php\/wp-json\/wp\/v2\/comments?post=77096"}],"version-history":[{"count":0,"href":"https:\/\/ic.tecnopc.com.ar\/index.php\/wp-json\/wp\/v2\/posts\/77096\/revisions"}],"wp:attachment":[{"href":"https:\/\/ic.tecnopc.com.ar\/index.php\/wp-json\/wp\/v2\/media?parent=77096"}],"wp:term":[{"taxonomy":"category","embeddable":true,"href":"https:\/\/ic.tecnopc.com.ar\/index.php\/wp-json\/wp\/v2\/categories?post=77096"},{"taxonomy":"post_tag","embeddable":true,"href":"https:\/\/ic.tecnopc.com.ar\/index.php\/wp-json\/wp\/v2\/tags?post=77096"}],"curies":[{"name":"wp","href":"https:\/\/api.w.org\/{rel}","templated":true}]}}