{"id":77105,"date":"2005-09-14T03:00:00","date_gmt":"2005-09-14T06:00:00","guid":{"rendered":"http:\/\/martineziuliano.com.ar\/web\/trabas-a-importaciones-de-brasil\/"},"modified":"2005-09-14T03:00:00","modified_gmt":"2005-09-14T06:00:00","slug":"trabas-a-importaciones-de-brasil-2","status":"publish","type":"post","link":"https:\/\/ic.tecnopc.com.ar\/index.php\/2005\/09\/14\/trabas-a-importaciones-de-brasil-2\/","title":{"rendered":"TRABAS A IMPORTACIONES DE BRASIL"},"content":{"rendered":"<div><span style=\"color: #3366ff;\">Medidas paraarancelarias contra importaciones  brasile\u00f1as<\/span><\/div>\n<div><\/div>\n<div>\n<div>Buenos Aires, set. 14 (NA) &#8212; Argentina comenz\u00f3 a aplicar  restricciones a las importaciones procedentes de Brasil, con el fin de impedir  una &#8220;avalancha&#8221; de productos de ese pa\u00eds en el mercado local, y las primeras  trabas recayeron sobre el calzado, seg\u00fan se inform\u00f3 hoy. <br \/>Seg\u00fan las medidas  paraarancelarias puestas en pr\u00e1ctica por el gobierno, todo calzado procedente  del pa\u00eds vecino debe tener fecha de salida de f\u00e1brica posterior al primero de  setiembre \u00faltimo. <br \/>Desde ese d\u00eda comenz\u00f3 a funcionar el nuevo r\u00e9gimen de  importaciones, en el que intervienen diez dependencias p\u00fablicas, que son los  \u00e1mbitos en los cuales los importadores deben concretar tr\u00e1mites para recibir el  visto bueno a las operaciones que desean llevar a cabo. <br \/>Entre esos  organismos p\u00fablicos, se encuentran la Aduana, la Secretar\u00eda de Industria, el  Ministerio de Relaciones Exteriores y la Subsecretar\u00eda de Defensa de la  Competencia, seg\u00fan public\u00f3 el matutino \u00c1mbito Financiero. <br \/>S\u00f3lo si los  importadores muestran en frontera los papeles gestionados ante todas esas  dependencias, podr\u00e1n ingresar las mercader\u00edas. <br \/>Trascendi\u00f3 que en varios  puntos fronterizos est\u00e1n demorados tres millones de d\u00f3lares en pares de zapatos  y zapatillas elaborados en Brasil.<\/div>\n<\/p><\/div>\n","protected":false},"excerpt":{"rendered":"<div><span style=\"color: #3366ff;\">Medidas paraarancelarias contra importaciones  brasile\u00f1as<\/span><\/div>\n<div><\/div>\n<div>\n<div>Buenos Aires, set. 14 (NA) &#8212; Argentina comenz\u00f3 a aplicar  restricciones a las importaciones procedentes de Brasil, con el fin de impedir  una &#8220;avalancha&#8221; de productos de ese pa\u00eds en el mercado local, y las primeras  trabas recayeron sobre el calzado, seg\u00fan se inform\u00f3 hoy. <br \/>Seg\u00fan las medidas  paraarancelarias puestas en pr\u00e1ctica por el gobierno, todo calzado procedente  del pa\u00eds vecino debe tener fecha de salida de f\u00e1brica posterior al primero de  setiembre \u00faltimo.<\/p>\n","protected":false},"author":1,"featured_media":0,"comment_status":"closed","ping_status":"open","sticky":false,"template":"","format":"standard","meta":{"footnotes":""},"categories":[3],"tags":[],"class_list":["post-77105","post","type-post","status-publish","format-standard","hentry","category-ultimas-noticias"],"_links":{"self":[{"href":"https:\/\/ic.tecnopc.com.ar\/index.php\/wp-json\/wp\/v2\/posts\/77105","targetHints":{"allow":["GET"]}}],"collection":[{"href":"https:\/\/ic.tecnopc.com.ar\/index.php\/wp-json\/wp\/v2\/posts"}],"about":[{"href":"https:\/\/ic.tecnopc.com.ar\/index.php\/wp-json\/wp\/v2\/types\/post"}],"author":[{"embeddable":true,"href":"https:\/\/ic.tecnopc.com.ar\/index.php\/wp-json\/wp\/v2\/users\/1"}],"replies":[{"embeddable":true,"href":"https:\/\/ic.tecnopc.com.ar\/index.php\/wp-json\/wp\/v2\/comments?post=77105"}],"version-history":[{"count":0,"href":"https:\/\/ic.tecnopc.com.ar\/index.php\/wp-json\/wp\/v2\/posts\/77105\/revisions"}],"wp:attachment":[{"href":"https:\/\/ic.tecnopc.com.ar\/index.php\/wp-json\/wp\/v2\/media?parent=77105"}],"wp:term":[{"taxonomy":"category","embeddable":true,"href":"https:\/\/ic.tecnopc.com.ar\/index.php\/wp-json\/wp\/v2\/categories?post=77105"},{"taxonomy":"post_tag","embeddable":true,"href":"https:\/\/ic.tecnopc.com.ar\/index.php\/wp-json\/wp\/v2\/tags?post=77105"}],"curies":[{"name":"wp","href":"https:\/\/api.w.org\/{rel}","templated":true}]}}