{"id":77134,"date":"2005-09-29T03:00:00","date_gmt":"2005-09-29T06:00:00","guid":{"rendered":"http:\/\/martineziuliano.com.ar\/web\/nuevo-aumento-del-costo-laboral\/"},"modified":"2005-09-29T03:00:00","modified_gmt":"2005-09-29T06:00:00","slug":"nuevo-aumento-del-costo-laboral-2","status":"publish","type":"post","link":"https:\/\/ic.tecnopc.com.ar\/index.php\/2005\/09\/29\/nuevo-aumento-del-costo-laboral-2\/","title":{"rendered":"NUEVO AUMENTO DEL COSTO LABORAL"},"content":{"rendered":"<div><span style=\"color: #3366ff;\">Pasan desde octubre a los salarios b\u00e1sicos los 100 pesos no  remunerativos que percibe el sector privado<\/span><\/div>\n<div><\/div>\n<div>\n<div>Comentario de nuestro estudio: Esta medida aumenta las cargas  sociales, los aguinaldos, las vacaciones y las indemnizaciones, una vez  m\u00e1s.<\/p>\n<p>Buenos Aires, set. 29 (NA) &#8212; El Gobierno nacional dispuso hoy que  los 100 pesos no remunerativos que perciben los asalariados del sector privado  desde enero pasado, pasen a los sueldos b\u00e1sicos de convenio, a partir de  octubre. <br \/>As\u00ed lo anunci\u00f3 el ministro de Trabajo, Carlos Tomada, quien destac\u00f3  que esta medida &#8220;refleja una mejora en el bolsillo de los trabajadores, porque  se incrementa tambi\u00e9n el pago de horas extras, antig\u00fcedad y otros beneficios&#8221;.  <br \/>&#8220;Esta medida tambi\u00e9n apunta a promover el trabajo registrado&#8221;, subray\u00f3 el  ministro, en una conferencia de prensa que brind\u00f3 en la Casa Rosada, junto al  ministro de Econom\u00eda, Roberto Lavagna.<\/div>\n<\/p><\/div>\n","protected":false},"excerpt":{"rendered":"<div><span style=\"color: #3366ff;\">Pasan desde octubre a los salarios b\u00e1sicos los 100 pesos no  remunerativos que percibe el sector privado<\/span><\/div>\n<div><\/div>\n<div>\n<div>Comentario de nuestro estudio: Esta medida aumenta las cargas  sociales, los aguinaldos, las vacaciones y las indemnizaciones, una vez  m\u00e1s.<\/p>\n<p>Buenos Aires, set. 29 (NA) &#8212; El Gobierno nacional dispuso hoy que  los 100 pesos no remunerativos que perciben los asalariados del sector privado  desde enero pasado, pasen a los sueldos b\u00e1sicos de convenio, a partir de  octubre.<\/p>\n","protected":false},"author":1,"featured_media":0,"comment_status":"closed","ping_status":"open","sticky":false,"template":"","format":"standard","meta":{"footnotes":""},"categories":[3],"tags":[],"class_list":["post-77134","post","type-post","status-publish","format-standard","hentry","category-ultimas-noticias"],"_links":{"self":[{"href":"https:\/\/ic.tecnopc.com.ar\/index.php\/wp-json\/wp\/v2\/posts\/77134","targetHints":{"allow":["GET"]}}],"collection":[{"href":"https:\/\/ic.tecnopc.com.ar\/index.php\/wp-json\/wp\/v2\/posts"}],"about":[{"href":"https:\/\/ic.tecnopc.com.ar\/index.php\/wp-json\/wp\/v2\/types\/post"}],"author":[{"embeddable":true,"href":"https:\/\/ic.tecnopc.com.ar\/index.php\/wp-json\/wp\/v2\/users\/1"}],"replies":[{"embeddable":true,"href":"https:\/\/ic.tecnopc.com.ar\/index.php\/wp-json\/wp\/v2\/comments?post=77134"}],"version-history":[{"count":0,"href":"https:\/\/ic.tecnopc.com.ar\/index.php\/wp-json\/wp\/v2\/posts\/77134\/revisions"}],"wp:attachment":[{"href":"https:\/\/ic.tecnopc.com.ar\/index.php\/wp-json\/wp\/v2\/media?parent=77134"}],"wp:term":[{"taxonomy":"category","embeddable":true,"href":"https:\/\/ic.tecnopc.com.ar\/index.php\/wp-json\/wp\/v2\/categories?post=77134"},{"taxonomy":"post_tag","embeddable":true,"href":"https:\/\/ic.tecnopc.com.ar\/index.php\/wp-json\/wp\/v2\/tags?post=77134"}],"curies":[{"name":"wp","href":"https:\/\/api.w.org\/{rel}","templated":true}]}}