{"id":77141,"date":"2005-12-05T03:00:00","date_gmt":"2005-12-05T06:00:00","guid":{"rendered":"http:\/\/martineziuliano.com.ar\/web\/inflacion-otra-campana\/"},"modified":"2005-12-05T03:00:00","modified_gmt":"2005-12-05T06:00:00","slug":"inflacion-otra-campana-2","status":"publish","type":"post","link":"https:\/\/ic.tecnopc.com.ar\/index.php\/2005\/12\/05\/inflacion-otra-campana-2\/","title":{"rendered":"INFLACI\u00d3N: OTRA CAMPANA"},"content":{"rendered":"<div><span style=\"color: #3366ff;\">Advierten que &#8220;con retenciones o culpando a los empresarios,  la inflaci\u00f3n seguir\u00e1&#8221;<\/span><\/div>\n<div><\/div>\n<div>Buenos Aires, dic. 4 (NA) &#8212; El diputado nacional Carlos  Alberto Castellani advirti\u00f3 hoy que &#8220;con retenciones, volviendo a los controles  de precios o culpando a los empresarios, la inflaci\u00f3n seguir\u00e1&#8221;, y sostuvo que  m\u00e1s all\u00e1 de los cambios de funcionarios &#8220;el tema principal es la pol\u00edtica  econ\u00f3mica del gobierno&#8221;. <br \/>El legislador por la provincia de Santa Fe afirm\u00f3,  a trav\u00e9s de un comunicado, que en torno al tema de la inflaci\u00f3n &#8220;hay una  cuesti\u00f3n de fondo y es la falta de competitividad&#8221;. <br \/>&#8220;En el encuentro de la  Uni\u00f3n Industrial Argentina en Rosario, d\u00edas atr\u00e1s, qued\u00f3 claro que no podemos  ser competitivos por la alta presi\u00f3n impositiva, que es mayor a la de otros  pa\u00edses del mundo&#8221;, asegur\u00f3. <br \/>&#8220;El motor de la econom\u00eda es la iniciativa  privada, la creaci\u00f3n de nuevos emprendimientos, las peque\u00f1as, medianas y grandes  empresas son las que generan empleo y as\u00ed se combate la desocupaci\u00f3n. Para ello  hay que bajar la presi\u00f3n impositiva, para que haya incentivos para producir. No  se puede controlar todo desde el Estado, es como querer tapar el sol con las  manos&#8221;, enfatiz\u00f3.<\/div>\n","protected":false},"excerpt":{"rendered":"<div><span style=\"color: #3366ff;\">Advierten que &#8220;con retenciones o culpando a los empresarios,  la inflaci\u00f3n seguir\u00e1&#8221;<\/span><\/div>\n<div><\/div>\n<div>Buenos Aires, dic. 4 (NA) &#8212; El diputado nacional Carlos  Alberto Castellani advirti\u00f3 hoy que &#8220;con retenciones, volviendo a los controles  de precios o culpando a los empresarios, la inflaci\u00f3n seguir\u00e1&#8221;, y sostuvo que  m\u00e1s all\u00e1 de los cambios de funcionarios &#8220;el tema principal es la pol\u00edtica  econ\u00f3mica del gobierno&#8221;.<\/p>\n","protected":false},"author":1,"featured_media":0,"comment_status":"closed","ping_status":"open","sticky":false,"template":"","format":"standard","meta":{"footnotes":""},"categories":[3],"tags":[],"class_list":["post-77141","post","type-post","status-publish","format-standard","hentry","category-ultimas-noticias"],"_links":{"self":[{"href":"https:\/\/ic.tecnopc.com.ar\/index.php\/wp-json\/wp\/v2\/posts\/77141","targetHints":{"allow":["GET"]}}],"collection":[{"href":"https:\/\/ic.tecnopc.com.ar\/index.php\/wp-json\/wp\/v2\/posts"}],"about":[{"href":"https:\/\/ic.tecnopc.com.ar\/index.php\/wp-json\/wp\/v2\/types\/post"}],"author":[{"embeddable":true,"href":"https:\/\/ic.tecnopc.com.ar\/index.php\/wp-json\/wp\/v2\/users\/1"}],"replies":[{"embeddable":true,"href":"https:\/\/ic.tecnopc.com.ar\/index.php\/wp-json\/wp\/v2\/comments?post=77141"}],"version-history":[{"count":0,"href":"https:\/\/ic.tecnopc.com.ar\/index.php\/wp-json\/wp\/v2\/posts\/77141\/revisions"}],"wp:attachment":[{"href":"https:\/\/ic.tecnopc.com.ar\/index.php\/wp-json\/wp\/v2\/media?parent=77141"}],"wp:term":[{"taxonomy":"category","embeddable":true,"href":"https:\/\/ic.tecnopc.com.ar\/index.php\/wp-json\/wp\/v2\/categories?post=77141"},{"taxonomy":"post_tag","embeddable":true,"href":"https:\/\/ic.tecnopc.com.ar\/index.php\/wp-json\/wp\/v2\/tags?post=77141"}],"curies":[{"name":"wp","href":"https:\/\/api.w.org\/{rel}","templated":true}]}}