{"id":77152,"date":"2005-11-10T03:00:00","date_gmt":"2005-11-10T06:00:00","guid":{"rendered":"http:\/\/martineziuliano.com.ar\/web\/costo-laboral-baja-la-qdobleq-indemnizacion\/"},"modified":"2005-11-10T03:00:00","modified_gmt":"2005-11-10T06:00:00","slug":"costo-laboral-baja-la-qdobleq-indemnizacion-2","status":"publish","type":"post","link":"https:\/\/ic.tecnopc.com.ar\/index.php\/2005\/11\/10\/costo-laboral-baja-la-qdobleq-indemnizacion-2\/","title":{"rendered":"COSTO LABORAL: BAJA LA &quot;DOBLE&quot; INDEMNIZACI\u00d3N"},"content":{"rendered":"<div><span style=\"color: #3366ff;\">Se baja la doble indemnizaci\u00f3n: ahora se pagar\u00e1 &#8220;una vez y  media&#8221; lo que corresponder\u00eda &#8220;en condiciones normales&#8221;<\/span><\/div>\n<div><\/div>\n<div>\n<div>Buenos Aires, nov. 10 (NA) &#8212; El ministro de Econom\u00eda,  Roberto Lavagna, anunci\u00f3 esta ma\u00f1ana que se firmar\u00e1 un decreto para bajar la  denominada &#8220;doble indemnizaci\u00f3n&#8221;, por lo cual los trabajadores que sean  despedidos sin causa, percibir\u00e1n &#8220;una vez y media&#8221; lo que les corresponder\u00eda &#8220;en  las condiciones normales&#8221;. <br \/>De esa manera, seg\u00fan explic\u00f3 Lavagna, se bajar\u00e1  esa indemnizaci\u00f3n, que ahora estaba ubicada -de acuerdo con lo indicado- &#8220;en un  80 por ciento por encima&#8221; de lo que deber\u00eda pagarse en condiciones normales.  <br \/>El ministro formul\u00f3 el anuncio en una conferencia de prensa ofrecida en la  Casa Rosada, despu\u00e9s de reunirse con el presidente N\u00e9stor Kirchner. <br \/>Seg\u00fan  dijo el titular del Palacio de Hacienda, esta medida apunta a &#8220;bajar los costos  de las empresas&#8221;, y de manera indirecta &#8220;influye positivamente en los precios&#8221;.  <br \/>Durante la rueda de prensa, el ministro record\u00f3 que cuando se instrument\u00f3  esta &#8220;doble indemnizaci\u00f3n&#8221;, ya se hab\u00eda dejado en claro que &#8220;a medida que  aumentara la ocupaci\u00f3n, es decir que bajara la desocupaci\u00f3n, se iba a ir hacia  un adecuamiento de este porcentaje&#8221;. <br \/>Tambi\u00e9n record\u00f3, en ese mismo sentido,  que est\u00e1 contemplado que cuando la desocupaci\u00f3n est\u00e9 &#8220;por debajo del 10 por  ciento&#8221;, esa indemnizaci\u00f3n especial desaparecer\u00e1 y se regresar\u00e1 &#8220;al r\u00e9gimen  normal&#8221;. <br \/>&#8220;Con este ajuste -dijo el ministro- se pasa a una indemnizaci\u00f3n de  1,50. Quiere decir que quien hace un despido desde el momento en que se  instrumente este decreto, tendr\u00e1 que pagar una indemnizaci\u00f3n equivalente a una  vez y media la que deber\u00eda pagarse en las condiciones normales&#8221;. <br \/>A\u00f1adi\u00f3,  adem\u00e1s, que esta medida ser\u00e1 instrumentada a trav\u00e9s de un decreto que ser\u00e1  elaborado por el Ministerio de Trabajo.<\/div>\n<\/p><\/div>\n","protected":false},"excerpt":{"rendered":"<div><span style=\"color: #3366ff;\">Se baja la doble indemnizaci\u00f3n: ahora se pagar\u00e1 &#8220;una vez y  media&#8221; lo que corresponder\u00eda &#8220;en condiciones normales&#8221;<\/span><\/div>\n<div><\/div>\n<div>\n<div>Buenos Aires, nov. 10 (NA) &#8212; El ministro de Econom\u00eda,  Roberto Lavagna, anunci\u00f3 esta ma\u00f1ana que se firmar\u00e1 un decreto para bajar la  denominada &#8220;doble indemnizaci\u00f3n&#8221;, por lo cual los trabajadores que sean  despedidos sin causa, percibir\u00e1n &#8220;una vez y media&#8221; lo que les corresponder\u00eda &#8220;en  las condiciones normales&#8221;.<\/p>\n","protected":false},"author":1,"featured_media":0,"comment_status":"closed","ping_status":"open","sticky":false,"template":"","format":"standard","meta":{"footnotes":""},"categories":[3],"tags":[],"class_list":["post-77152","post","type-post","status-publish","format-standard","hentry","category-ultimas-noticias"],"_links":{"self":[{"href":"https:\/\/ic.tecnopc.com.ar\/index.php\/wp-json\/wp\/v2\/posts\/77152","targetHints":{"allow":["GET"]}}],"collection":[{"href":"https:\/\/ic.tecnopc.com.ar\/index.php\/wp-json\/wp\/v2\/posts"}],"about":[{"href":"https:\/\/ic.tecnopc.com.ar\/index.php\/wp-json\/wp\/v2\/types\/post"}],"author":[{"embeddable":true,"href":"https:\/\/ic.tecnopc.com.ar\/index.php\/wp-json\/wp\/v2\/users\/1"}],"replies":[{"embeddable":true,"href":"https:\/\/ic.tecnopc.com.ar\/index.php\/wp-json\/wp\/v2\/comments?post=77152"}],"version-history":[{"count":0,"href":"https:\/\/ic.tecnopc.com.ar\/index.php\/wp-json\/wp\/v2\/posts\/77152\/revisions"}],"wp:attachment":[{"href":"https:\/\/ic.tecnopc.com.ar\/index.php\/wp-json\/wp\/v2\/media?parent=77152"}],"wp:term":[{"taxonomy":"category","embeddable":true,"href":"https:\/\/ic.tecnopc.com.ar\/index.php\/wp-json\/wp\/v2\/categories?post=77152"},{"taxonomy":"post_tag","embeddable":true,"href":"https:\/\/ic.tecnopc.com.ar\/index.php\/wp-json\/wp\/v2\/tags?post=77152"}],"curies":[{"name":"wp","href":"https:\/\/api.w.org\/{rel}","templated":true}]}}