{"id":77157,"date":"2005-11-04T03:00:00","date_gmt":"2005-11-04T06:00:00","guid":{"rendered":"http:\/\/martineziuliano.com.ar\/web\/presion-tributaria-no-bajara\/"},"modified":"2005-11-04T03:00:00","modified_gmt":"2005-11-04T06:00:00","slug":"presion-tributaria-no-bajara-2","status":"publish","type":"post","link":"https:\/\/ic.tecnopc.com.ar\/index.php\/2005\/11\/04\/presion-tributaria-no-bajara-2\/","title":{"rendered":"PRESI\u00d3N TRIBUTARIA: NO BAJAR\u00c1"},"content":{"rendered":"<div><span style=\"color: #3366ff;\">Abad cree que en 2007 se iniciar\u00e1 la revisi\u00f3n de la  estructura impositiva, y anticipa planes de pago &#8220;a medida&#8221;<\/span><\/div>\n<div><\/div>\n<div>\n<div>Buenos Aires, nov. 3 (NA) &#8212; El titular de la AFIP, Alberto  Abad, vaticin\u00f3 hoy que en 2007 se podr\u00e1 &#8220;comenzar a revisar la estructura  impositiva&#8221; nacional, y a la vez garantiz\u00f3 que &#8220;muy pronto&#8221; se van a lanzar  planes de facilidades de pago &#8220;adecuados a las necesidades del contribuyente&#8221;. <br \/>El funcionario record\u00f3 que el proyecto de Presupuesto 2006 &#8220;no contempla  modificaciones en la estructura tributaria. Pero en 2007 es posible que se la  empiece a revisar&#8221;. <br \/>Abad aclar\u00f3 que &#8220;eso va a ser un largo camino. Las  modificaciones impositivas requieren una discusi\u00f3n p\u00fablica muy fuerte, en la  cual el Congreso de la Naci\u00f3n tiene la \u00faltima palabra&#8221;. <br \/>Por otra parte, el  funcionario indic\u00f3 que la AFIP lanzar\u00e1 pr\u00f3ximamente &#8220;un combo de planes de  facilidades para distintas necesidades y requerimientos, para adecuarnos a las  necesidades del contribuyente&#8221;. <br \/>En declaraciones radiales, Abad puntualiz\u00f3  que &#8220;los pr\u00f3ximos reg\u00edmenes de facilidades de pago ser\u00e1n con menos cuotas que el  RAFA, y con mecanismos m\u00e1s personalizados&#8221;. <br \/>En ese sentido, dijo que el RAFA  &#8220;respondi\u00f3 a una situaci\u00f3n de crisis. Fue una herramienta que sirvi\u00f3, porque  financi\u00f3 m\u00e1s de 3.500 millones de pesos, a pesar que muchos lo criticaron&#8221;.  <br \/>&#8220;De todas maneras no es un modelo para perpetuarse, porque ten\u00eda 120 cuotas.  Y con una econom\u00eda estabilizada, hablar de diez a\u00f1os para pagar nos parece un  exceso&#8221;, a\u00f1adi\u00f3. <br \/>En cuanto a la posibilidad de reducir la al\u00edcuota del IVA,  dijo: &#8220;todos los consumidores que compran con tarjeta de cr\u00e9dito se le devuelven  tres puntos del IVA. Los que compran con tarjeta de d\u00e9bito, cinco puntos. Y  adem\u00e1s, hay 1,2 mill\u00f3n de personas que son beneficiarias del Plan Jefas y Jefes  de Hogar que cobran con una tarjeta con la que pueden comprar obteniendo una  devoluci\u00f3n del 15 por ciento del IVA&#8221;. <br \/>&#8220;Entonces, estamos en el camino de la  devoluci\u00f3n del IVA sobre los consumos. Para nosotros es el camino m\u00e1s eficiente,  porque por ejemplo blanquea la econom\u00eda al dejar registrada la operaci\u00f3n de  compra-venta&#8221;, enfatiz\u00f3. <br \/>Abad tambi\u00e9n hizo referencia a los &#8220;agentes  encubiertos&#8221;,que tendr\u00e1n como fin detectar evasi\u00f3n en comercios que no entregan  facturas. <br \/>Indic\u00f3 que &#8220;mucha gente se quej\u00f3 de este sistema, pero insisto:  <br \/>Si el comerciante entrega la factura habitualmente, puede quedarse  tranquilo. Los que se tendr\u00edan que preocupar son aquellos que cobran un precio  de mercado, que incluye impuestos, lo perciben pero en vez de depositarlos se lo  llevan&#8221;. <br \/>&#8220;Estamos tratando entonces de poner blanco sobre negro. Y por eso  vale la pena que la gente conozca este mecanismo&#8221;, resalt\u00f3. <br \/>En este marco,  el titular de la AFIP consider\u00f3 que &#8220;de a poco, la administraci\u00f3n tributaria se  est\u00e1 legitimando, y de esta forma se acerca a la gente. Todav\u00eda tenemos agujeros  negros , pero creo que los argentinos nos estamos dando cuenta que sin calidad  institucional no hay resultados&#8221;. <br \/>&#8220;Tenemos que pagar los impuestos y a la  vez tenemos que exigir al Estado que cumpla con los servicios&#8221;,  concluy\u00f3.<\/div>\n<\/p><\/div>\n","protected":false},"excerpt":{"rendered":"<div><span style=\"color: #3366ff;\">Abad cree que en 2007 se iniciar\u00e1 la revisi\u00f3n de la  estructura impositiva, y anticipa planes de pago &#8220;a medida&#8221;<\/span><\/div>\n<div><\/div>\n<div>\n<div>Buenos Aires, nov. 3 (NA) &#8212; El titular de la AFIP, Alberto  Abad, vaticin\u00f3 hoy que en 2007 se podr\u00e1 &#8220;comenzar a revisar la estructura  impositiva&#8221; nacional, y a la vez garantiz\u00f3 que &#8220;muy pronto&#8221; se van a lanzar  planes de facilidades de pago &#8220;adecuados a las necesidades del contribuyente&#8221;.<\/p>\n","protected":false},"author":1,"featured_media":0,"comment_status":"closed","ping_status":"open","sticky":false,"template":"","format":"standard","meta":{"footnotes":""},"categories":[3],"tags":[],"class_list":["post-77157","post","type-post","status-publish","format-standard","hentry","category-ultimas-noticias"],"_links":{"self":[{"href":"https:\/\/ic.tecnopc.com.ar\/index.php\/wp-json\/wp\/v2\/posts\/77157","targetHints":{"allow":["GET"]}}],"collection":[{"href":"https:\/\/ic.tecnopc.com.ar\/index.php\/wp-json\/wp\/v2\/posts"}],"about":[{"href":"https:\/\/ic.tecnopc.com.ar\/index.php\/wp-json\/wp\/v2\/types\/post"}],"author":[{"embeddable":true,"href":"https:\/\/ic.tecnopc.com.ar\/index.php\/wp-json\/wp\/v2\/users\/1"}],"replies":[{"embeddable":true,"href":"https:\/\/ic.tecnopc.com.ar\/index.php\/wp-json\/wp\/v2\/comments?post=77157"}],"version-history":[{"count":0,"href":"https:\/\/ic.tecnopc.com.ar\/index.php\/wp-json\/wp\/v2\/posts\/77157\/revisions"}],"wp:attachment":[{"href":"https:\/\/ic.tecnopc.com.ar\/index.php\/wp-json\/wp\/v2\/media?parent=77157"}],"wp:term":[{"taxonomy":"category","embeddable":true,"href":"https:\/\/ic.tecnopc.com.ar\/index.php\/wp-json\/wp\/v2\/categories?post=77157"},{"taxonomy":"post_tag","embeddable":true,"href":"https:\/\/ic.tecnopc.com.ar\/index.php\/wp-json\/wp\/v2\/tags?post=77157"}],"curies":[{"name":"wp","href":"https:\/\/api.w.org\/{rel}","templated":true}]}}