{"id":77163,"date":"2006-01-02T03:00:00","date_gmt":"2006-01-02T06:00:00","guid":{"rendered":"http:\/\/martineziuliano.com.ar\/web\/costa-atlantica-alerta-con-formalidades-de-empleados\/"},"modified":"2006-01-02T03:00:00","modified_gmt":"2006-01-02T06:00:00","slug":"costa-atlantica-alerta-con-formalidades-de-empleados-2","status":"publish","type":"post","link":"https:\/\/ic.tecnopc.com.ar\/index.php\/2006\/01\/02\/costa-atlantica-alerta-con-formalidades-de-empleados-2\/","title":{"rendered":"COSTA ATL\u00c1NTICA: ALERTA CON FORMALIDADES DE EMPLEADOS"},"content":{"rendered":"<div><span style=\"color: #0000ff;\">Operativo contra el trabajo &#8220;en negro&#8221; en la costa atl\u00e1ntica  bonaerense<\/span><\/div>\n<div><\/div>\n<div>Buenos Aires, ene. 2 (NA) &#8212; Un total de 150 inspectores del  Ministerio de Trabajo de la provincia de Buenos Aires comenzaron hoy un  operativo contra el empleo &#8220;en negro&#8221; en la costa atl\u00e1ntica. <br \/>Los inspectores  se movilizar\u00e1n durante la temporada veraniega desde San Clemente del Tuy\u00fa hasta  Monte Hermoso, y tendr\u00e1n como objetivo &#8220;controlar todas las actividades  econ\u00f3micas, pero especialmente abocados a los segmentos vinculados al turismo&#8221;,  seg\u00fan indic\u00f3 la cartera laboral. <br \/>Con ese fin, la cartera de Trabajo equip\u00f3  sus &#8220;Delegaciones Ambulantes&#8221; que fortalecer\u00e1n la tarea de los operativos contra  el trabajo en negro en la costa bonaerense. <br \/>Hay dos trailers que refuerzan  el trabajo inspectivo y administrativo en todas las \u00e1reas, sobre todos en  localidades y distritos que no cuentan con Delegaciones, Sub-Delegaciones o  Inspector\u00edas de Trabajo. <br \/>Las unidades m\u00f3viles especialmente equipadas  trabajar\u00e1n en el marco del programa de control del empleo en negro para la  temporada de verano, que fue lanzado por el ministro de Trabajo provincial,  Roberto Mouiller\u00f3n, en Mar del Plata, se inform\u00f3 oficialmente.<\/div>\n","protected":false},"excerpt":{"rendered":"<div><span style=\"color: #0000ff;\">Operativo contra el trabajo &#8220;en negro&#8221; en la costa atl\u00e1ntica  bonaerense<\/span><\/div>\n<div><\/div>\n<div>Buenos Aires, ene. 2 (NA) &#8212; Un total de 150 inspectores del  Ministerio de Trabajo de la provincia de Buenos Aires comenzaron hoy un  operativo contra el empleo &#8220;en negro&#8221; en la costa atl\u00e1ntica. <br \/>Los inspectores  se movilizar\u00e1n durante la temporada veraniega desde San Clemente del Tuy\u00fa hasta  Monte Hermoso, y tendr\u00e1n como objetivo &#8220;controlar todas las actividades  econ\u00f3micas, pero especialmente abocados a los segmentos vinculados al turismo&#8221;,  seg\u00fan indic\u00f3 la cartera laboral.<\/p>\n","protected":false},"author":1,"featured_media":0,"comment_status":"closed","ping_status":"open","sticky":false,"template":"","format":"standard","meta":{"footnotes":""},"categories":[3],"tags":[],"class_list":["post-77163","post","type-post","status-publish","format-standard","hentry","category-ultimas-noticias"],"_links":{"self":[{"href":"https:\/\/ic.tecnopc.com.ar\/index.php\/wp-json\/wp\/v2\/posts\/77163","targetHints":{"allow":["GET"]}}],"collection":[{"href":"https:\/\/ic.tecnopc.com.ar\/index.php\/wp-json\/wp\/v2\/posts"}],"about":[{"href":"https:\/\/ic.tecnopc.com.ar\/index.php\/wp-json\/wp\/v2\/types\/post"}],"author":[{"embeddable":true,"href":"https:\/\/ic.tecnopc.com.ar\/index.php\/wp-json\/wp\/v2\/users\/1"}],"replies":[{"embeddable":true,"href":"https:\/\/ic.tecnopc.com.ar\/index.php\/wp-json\/wp\/v2\/comments?post=77163"}],"version-history":[{"count":0,"href":"https:\/\/ic.tecnopc.com.ar\/index.php\/wp-json\/wp\/v2\/posts\/77163\/revisions"}],"wp:attachment":[{"href":"https:\/\/ic.tecnopc.com.ar\/index.php\/wp-json\/wp\/v2\/media?parent=77163"}],"wp:term":[{"taxonomy":"category","embeddable":true,"href":"https:\/\/ic.tecnopc.com.ar\/index.php\/wp-json\/wp\/v2\/categories?post=77163"},{"taxonomy":"post_tag","embeddable":true,"href":"https:\/\/ic.tecnopc.com.ar\/index.php\/wp-json\/wp\/v2\/tags?post=77163"}],"curies":[{"name":"wp","href":"https:\/\/api.w.org\/{rel}","templated":true}]}}