{"id":77179,"date":"2006-01-26T03:00:00","date_gmt":"2006-01-26T06:00:00","guid":{"rendered":"http:\/\/martineziuliano.com.ar\/web\/deuda-externa-ii\/"},"modified":"2006-01-26T03:00:00","modified_gmt":"2006-01-26T06:00:00","slug":"deuda-externa-ii-2","status":"publish","type":"post","link":"https:\/\/ic.tecnopc.com.ar\/index.php\/2006\/01\/26\/deuda-externa-ii-2\/","title":{"rendered":"DEUDA EXTERNA II"},"content":{"rendered":"<div><span style=\"color: #3366ff;\">Caso Olmos: C\u00f3mo y qui\u00e9nes endeudaron al pa\u00eds entre 1976 y  1982<\/span><\/div>\n<div><\/div>\n<div>Buenos Aires, ene. 21 (NA) &#8212; C\u00f3mo y qui\u00e9nes llevaron  adelante el &#8220;endeudamiento forzoso&#8221; del pa\u00eds durante la \u00faltima dictadura militar  son algunas de las cuestiones que aborda el libro de Alejandro Olmos, el abogado  que impuls\u00f3 la causa penal que demostr\u00f3 la &#8220;ilegitimidad&#8221; de la deuda externa. <br \/>As\u00ed lo estableci\u00f3 un fallo del Juzgado Federal n\u00famero 2 que el 13 de julio  de 2000 -18 a\u00f1os despu\u00e9s de presentada la denuncia- le dio la raz\u00f3n a Olmos,  pero sobresey\u00f3 a los imputados por el tiempo transcurrido. <br \/>&#8220;La deuda  externa: todo lo que usted quiso saber y siempre se lo ocultaron&#8221;, es el nombre  del libro que Olmos escribi\u00f3 antes de morir, aunque no pudo ver la sentencia  judicial porque falleci\u00f3 80 d\u00edas antes. <br \/>La publicaci\u00f3n, que Ediciones Pe\u00f1a  Lillo-Continente lanz\u00f3 por sexta vez, detalla el recorrido y contenido de la  voluminosa causa penal, que se inici\u00f3 en 1982, cuando todav\u00eda no hab\u00eda retornado  la democracia. <br \/>Seg\u00fan afirma en el pr\u00f3logo Juan Carlos Foerster -funcionario  judicial que redact\u00f3 la resoluci\u00f3n de la causa-, &#8220;de la investigaci\u00f3n se  desprende que los hechos se cometieron en forma reiterada, como m\u00ednimo, en no  menos de 477 oportunidades&#8221;. <br \/>&#8220;Esto surge de sumar 423 pr\u00e9stamos externos  concertados s\u00f3lo por YPF, 34 operaciones concertadas en forma irregular al  inicio de la gesti\u00f3n y 20 operaciones avaladas por el Tesoro Nacional y que no  fueron satisfechas a su vencimiento&#8221;, precisa Foerster. <br \/>Agrega: &#8220;La  investigaci\u00f3n acredit\u00f3 con pruebas fehacientes el car\u00e1cter fraudulento de una  supuesta &#8216;deuda&#8217; que el pa\u00eds no tiene, ya que para que exista debe ser l\u00edcita en  su origen y por las condiciones en que se concertaron los pr\u00e9stamos se trata de  una &#8216;deuda&#8217; fraguada para salvar a la banca internacional&#8221;. <br \/>A trav\u00e9s de m\u00e1s  de 250 p\u00e1ginas y su ap\u00e9ndice documental en el libro se explica &#8220;la forma en que  las empresas p\u00fablicas fueron obligadas por la autoridad econ\u00f3mica, a trav\u00e9s del  Banco Central, a endeudarse con la banca privada internacional, a\u00fan sin  necesitar financiamiento&#8221;. <br \/>&#8220;En muchos casos, como en el ejemplo de Agua y  Energ\u00eda El\u00e9ctrica se oblig\u00f3 a las empresas a cancelar obligaciones crediticias  con bancos locales, mediante pr\u00e9stamos que deb\u00edan contratar en el exterior. Los  acreedores externos reemplazaban, as\u00ed, a los bancos del pa\u00eds&#8221;, explica Olmos  bas\u00e1ndose en una declaraci\u00f3n del ex presidente de la firma H\u00e9ctor P\u00e9rez Pesce.  <br \/>Olmos precisa que &#8220;en casi la totalidad de las empresas p\u00fablicas no  percibieron un solo d\u00f3lar de su supuesta deuda externa&#8221;. <br \/>Detalla, adem\u00e1s,  c\u00f3mo fue que por disposici\u00f3n de la Secretar\u00eda de Hacienda, el Tesoro Nacional,  &#8220;otorgaba avales a empresas privadas que -como Acindar, Papel Prensa, Papel de  Tucum\u00e1n, Govimet, Interama, Alto Paran\u00e1 SA, Austral, y otras- no afrontaron a su  vencimiento sus obligaciones de pago con el exterior&#8221;. <br \/>&#8220;Eso determin\u00f3 que el  Estado nacional asumiera la atenci\u00f3n e tales compromisos y &#8216;los avales ca\u00eddos&#8217;  le significaron al pa\u00eds importantes p\u00e9rdidas&#8221;, agrega. <br \/>Tambi\u00e9n cuenta  algunas cosas por dem\u00e1s incre\u00edbles como que &#8220;el Banco Central no ten\u00eda  registrada la deuda externa al iniciarse el juicio pernal en octubre de 1982,  seg\u00fan lo inform\u00f3 al Juzgado Federal el (entonces) presidente de esa entidad  Julio Garc\u00eda del Solar&#8221;. <br \/>Eso fue ratificado muchos a\u00f1os despu\u00e9s, durante el  gobierno de Carlos Menem, por el ministro de Econom\u00eda Domingo Cavallo, quien  reconoci\u00f3 que la Argentina no ten\u00eda un detalle de la deuda y que pagaba sus  vencimientos seg\u00fan lo pidieran los acreedores.<\/div>\n","protected":false},"excerpt":{"rendered":"<div><span style=\"color: #3366ff;\">Caso Olmos: C\u00f3mo y qui\u00e9nes endeudaron al pa\u00eds entre 1976 y  1982<\/span><\/div>\n<div><\/div>\n<div>Buenos Aires, ene. 21 (NA) &#8212; C\u00f3mo y qui\u00e9nes llevaron  adelante el &#8220;endeudamiento forzoso&#8221; del pa\u00eds durante la \u00faltima dictadura militar  son algunas de las cuestiones que aborda el libro de Alejandro Olmos, el abogado  que impuls\u00f3 la causa penal que demostr\u00f3 la &#8220;ilegitimidad&#8221; de la deuda externa.<\/p>\n","protected":false},"author":1,"featured_media":0,"comment_status":"closed","ping_status":"open","sticky":false,"template":"","format":"standard","meta":{"footnotes":""},"categories":[3],"tags":[],"class_list":["post-77179","post","type-post","status-publish","format-standard","hentry","category-ultimas-noticias"],"_links":{"self":[{"href":"https:\/\/ic.tecnopc.com.ar\/index.php\/wp-json\/wp\/v2\/posts\/77179","targetHints":{"allow":["GET"]}}],"collection":[{"href":"https:\/\/ic.tecnopc.com.ar\/index.php\/wp-json\/wp\/v2\/posts"}],"about":[{"href":"https:\/\/ic.tecnopc.com.ar\/index.php\/wp-json\/wp\/v2\/types\/post"}],"author":[{"embeddable":true,"href":"https:\/\/ic.tecnopc.com.ar\/index.php\/wp-json\/wp\/v2\/users\/1"}],"replies":[{"embeddable":true,"href":"https:\/\/ic.tecnopc.com.ar\/index.php\/wp-json\/wp\/v2\/comments?post=77179"}],"version-history":[{"count":0,"href":"https:\/\/ic.tecnopc.com.ar\/index.php\/wp-json\/wp\/v2\/posts\/77179\/revisions"}],"wp:attachment":[{"href":"https:\/\/ic.tecnopc.com.ar\/index.php\/wp-json\/wp\/v2\/media?parent=77179"}],"wp:term":[{"taxonomy":"category","embeddable":true,"href":"https:\/\/ic.tecnopc.com.ar\/index.php\/wp-json\/wp\/v2\/categories?post=77179"},{"taxonomy":"post_tag","embeddable":true,"href":"https:\/\/ic.tecnopc.com.ar\/index.php\/wp-json\/wp\/v2\/tags?post=77179"}],"curies":[{"name":"wp","href":"https:\/\/api.w.org\/{rel}","templated":true}]}}