{"id":77200,"date":"2006-03-28T03:00:00","date_gmt":"2006-03-28T06:00:00","guid":{"rendered":"http:\/\/martineziuliano.com.ar\/web\/falta-mano-de-obra-apta\/"},"modified":"2006-03-28T03:00:00","modified_gmt":"2006-03-28T06:00:00","slug":"falta-mano-de-obra-apta-2","status":"publish","type":"post","link":"https:\/\/ic.tecnopc.com.ar\/index.php\/2006\/03\/28\/falta-mano-de-obra-apta-2\/","title":{"rendered":"FALTA MANO DE OBRA APTA"},"content":{"rendered":"<div><span style=\"color: #3366ff;\">Paradoja en la Argentina: A\u00fan es Alta la Desocupaci\u00f3n pero  las Empresas no Consiguen Empleados<\/span><\/div>\n<div>Buenos Aires, marzo 29 (NA) &#8212; La crisis econ\u00f3mica, social y  educativa padecida por la Argentina provoc\u00f3 una paradoja que afecta al sistema  productivo, ya que mientras el desempleo contin\u00faa en niveles elevados del 10,1  por ciento, las empresas se quejan porque no consiguen personal adecuado.<\/div>\n<div>Seg\u00fan un estudio de la Sociedad de Estudios Laborales (SEL), &#8220;a pesar de que  a\u00fan hay 1.500.000 desocupados (sin contar los planes sociales), las empresas  tienen dificultades crecientes para cubrir sus vacantes&#8221;. <br \/>De este an\u00e1lisis  surge que &#8220;la gran mayor\u00eda de los desocupados con experiencia laboral proviene  de ocupaciones de baja calificaci\u00f3n&#8221;. <br \/>&#8220;M\u00e1s de un quinto de los desempleados  no tiene ninguna experiencia o estuvo fuera del mercado m\u00e1s de cuatro a\u00f1os, su  educaci\u00f3n promedio es de diez a\u00f1os, y en el 85 por ciento de los casos duraron  menos de un a\u00f1o en su \u00faltimo trabajo&#8221;, detall\u00f3 el informe. <br \/>Por otro lado, en  paralelo con el aumento de la utilizaci\u00f3n de la capacidad f\u00edsica instalada, ese  a\u00f1o baj\u00f3 la reserva involuntaria de mano de obra. <br \/>As\u00ed, el desempleo ajustado  por planes sociales disminuy\u00f3 del 26,6 por ciento a comienzos de 2003, al 12,7  en el \u00faltimo trimestre de 2005. <br \/>Sin embargo, seg\u00fan este estudio, lo m\u00e1s  importante es que &#8220;los desocupados con origen en el sector formal que perdieron  el empleo durante la crisis volvieron al trabajo&#8221;. <br \/>Desde el comienzo de la  recuperaci\u00f3n, el n\u00famero de asalariados privados registrados creci\u00f3 en 1.200.000,  pero s\u00f3lo en 2005, el incremento fue de 450 mil. <br \/>En una proporci\u00f3n  significativa esas ocupaciones no son demandadas por las empresas -a\u00fan  informales- sino por hogares particulares, lo que las hace muy dependientes de  la variabilidad de los ingresos de estos \u00faltimos. <br \/>As\u00ed, &#8220;el desajuste entre  la oferta y la demanda de calificaciones consolida la segmentaci\u00f3n del mercado  de trabajo&#8221;, sostuvo el estudio. <br \/>En cuanto a si las demandas salariales son  consistentes con la estabilizaci\u00f3n de la inflaci\u00f3n, el informe destac\u00f3 que &#8220;la  ronda de negociaciones de 2006 est\u00e1 condicionada por la necesidad de evitar  presiones inflacionarias adicionales&#8221;. <br \/>Sin embargo, se\u00f1al\u00f3 que tambi\u00e9n est\u00e1  condicionada &#8220;por el objetivo de mantener un curso de recuperaci\u00f3n de los  ingresos del trabajo&#8221;. <br \/>&#8220;El \u00e9nfasis en uno u otro depende del interlocutor,  con el Gobierno movi\u00e9ndose en un equilibrio inestable y lanzando se\u00f1ales que a  veces son contradictorias, pero tambi\u00e9n depende de cu\u00e1l sea el per\u00edodo de  referencia&#8221;, explic\u00f3 el informe. <br \/>As\u00ed, se\u00f1al\u00f3 que en 2005 mientras el salario  real declarado promedio del sector privado creci\u00f3 11 por ciento, la recuperaci\u00f3n  fue 20 puntos detr\u00e1s del crecimiento del PIB desde fines de 2001. <br \/>Esta  disparidad disminuye a seis puntos si lo que se mide es la masa salarial, por el  efecto del aumento del empleo. <br \/>&#8220;La pregunta es si los sindicatos aceptar\u00e1n  esta \u00faltima como indicador de la negociaci\u00f3n&#8221;, cuestion\u00f3 la SEL. <br \/>Por otra  parte, el informe destac\u00f3 que como efecto de la pol\u00edtica de ingresos se produjo  un achatamiento de la pir\u00e1mide salarial. <br \/>Desde julio de 2002, y hasta enero  de 2005, se sucedieron seis aumentos de suma fija, por un monto total de 730  pesos, pero por tratarse de sumas fijas, estos aumentos beneficiaron  proporcionalmente m\u00e1s a los trabajadores de las categor\u00edas m\u00e1s bajas.  <br \/>&#8220;Aunque al incorporarse al salario b\u00e1sico, en muchos casos se acordaron  ajustes para las categor\u00edas m\u00e1s altas, el resultado neto ha sido un achatamiento  de la pir\u00e1mide salarial&#8221;, se\u00f1al\u00f3 SEL. <br \/>En este sentido, el informe destac\u00f3  que &#8220;esta situaci\u00f3n no ha sido resuelta hasta ahora por la negociaci\u00f3n  colectiva, ya que en la industria manufacturera la brecha de la evoluci\u00f3n entre  el \u00edndice de salario obrero y los salarios medios declarados del sector es de 28  por ciento&#8221;.<\/div>\n","protected":false},"excerpt":{"rendered":"<div><span style=\"color: #3366ff;\">Paradoja en la Argentina: A\u00fan es Alta la Desocupaci\u00f3n pero  las Empresas no Consiguen Empleados<\/span><\/div>\n<div>Buenos Aires, marzo 29 (NA) &#8212; La crisis econ\u00f3mica, social y  educativa padecida por la Argentina provoc\u00f3 una paradoja que afecta al sistema  productivo, ya que mientras el desempleo contin\u00faa en niveles elevados del 10,1  por ciento, las empresas se quejan porque no consiguen personal adecuado.<\/div>\n<div>\n","protected":false},"author":1,"featured_media":73547,"comment_status":"closed","ping_status":"open","sticky":false,"template":"","format":"standard","meta":{"footnotes":""},"categories":[3],"tags":[],"class_list":["post-77200","post","type-post","status-publish","format-standard","has-post-thumbnail","hentry","category-ultimas-noticias"],"_links":{"self":[{"href":"https:\/\/ic.tecnopc.com.ar\/index.php\/wp-json\/wp\/v2\/posts\/77200","targetHints":{"allow":["GET"]}}],"collection":[{"href":"https:\/\/ic.tecnopc.com.ar\/index.php\/wp-json\/wp\/v2\/posts"}],"about":[{"href":"https:\/\/ic.tecnopc.com.ar\/index.php\/wp-json\/wp\/v2\/types\/post"}],"author":[{"embeddable":true,"href":"https:\/\/ic.tecnopc.com.ar\/index.php\/wp-json\/wp\/v2\/users\/1"}],"replies":[{"embeddable":true,"href":"https:\/\/ic.tecnopc.com.ar\/index.php\/wp-json\/wp\/v2\/comments?post=77200"}],"version-history":[{"count":0,"href":"https:\/\/ic.tecnopc.com.ar\/index.php\/wp-json\/wp\/v2\/posts\/77200\/revisions"}],"wp:featuredmedia":[{"embeddable":true,"href":"https:\/\/ic.tecnopc.com.ar\/index.php\/wp-json\/"}],"wp:attachment":[{"href":"https:\/\/ic.tecnopc.com.ar\/index.php\/wp-json\/wp\/v2\/media?parent=77200"}],"wp:term":[{"taxonomy":"category","embeddable":true,"href":"https:\/\/ic.tecnopc.com.ar\/index.php\/wp-json\/wp\/v2\/categories?post=77200"},{"taxonomy":"post_tag","embeddable":true,"href":"https:\/\/ic.tecnopc.com.ar\/index.php\/wp-json\/wp\/v2\/tags?post=77200"}],"curies":[{"name":"wp","href":"https:\/\/api.w.org\/{rel}","templated":true}]}}