{"id":77235,"date":"2006-09-21T03:00:00","date_gmt":"2006-09-21T06:00:00","guid":{"rendered":"http:\/\/martineziuliano.com.ar\/web\/desocupacion-y-calidad-de-empleo-sin-solucion\/"},"modified":"2006-09-21T03:00:00","modified_gmt":"2006-09-21T06:00:00","slug":"desocupacion-y-calidad-de-empleo-sin-solucion-2","status":"publish","type":"post","link":"https:\/\/ic.tecnopc.com.ar\/index.php\/2006\/09\/21\/desocupacion-y-calidad-de-empleo-sin-solucion-2\/","title":{"rendered":"DESOCUPACI\u00d3N Y CALIDAD DE EMPLEO: SIN SOLUCI\u00d3N"},"content":{"rendered":"<div><span style=\"color: #3366ff;\">Mientras el Estado dice Combatir el Empleo en Negro, no Ayuda  a Generar las Condiciones que Hagan Posible su Reducci\u00f3n<\/span><\/div>\n<div>1) Operativo contra el trabajo en negro en una construcci\u00f3n  de lujosas torres en Palermo<\/div>\n<div>Buenos Aires, set. 20 (NA) &#8212; Un operativo  para detectar la existencia de empleados en negro fue realizado hoy por personal  del Ministerio de Trabajo en las obras de construcci\u00f3n de lujosas torres en el  barrio porte\u00f1o de Palermo. <br \/>El emprendimiento, conocido como Torres Le Parc,  est\u00e1 ubicado en avenida Figueroa Alcorta y Salguero, y es uno de los m\u00e1s  costosos de la Ciudad. <br \/>La cartera laboral realiz\u00f3 un operativo de  fiscalizaci\u00f3n en la zona conocida como Barrio Parque, con el fin de relevar la  situaci\u00f3n laboral de unos 250 trabajadores de la construcci\u00f3n. <br \/>Tras la  inspecci\u00f3n, el subsecretario de Fiscalizaci\u00f3n del Trabajo y la Seguridad Social,  Julio Casavelos, dijo que se destinaron 15 inspectores para concretar la tarea.  <br \/>La particularidad del operativo es que tambi\u00e9n participaron cuatro  representantes del gremio de la construcci\u00f3n (UOCRA). <br \/>Casavelos, quien  estuvo acompa\u00f1ado por el director Nacional de Fiscalizaci\u00f3n, Guillermo Zuccotti,  consider\u00f3 que este tipo de operativos &#8220;incentiva la regularizaci\u00f3n&#8221;. <br \/>Seg\u00fan  datos que maneja la cartera laboral, la construcci\u00f3n es uno de los rubros es  donde m\u00e1s se ha registrado crecimiento&#8221; del empleo en negro. <br \/>Los resultados  del relevamiento para detectar la situaci\u00f3n laboral de cada trabajador se  tendr\u00e1n &#8220;en 48 horas&#8221;. <br \/>El operativo de regularizaci\u00f3n de trabajo en negro  forma parte del Plan Nacional de Regularizaci\u00f3n del Trabajo, que desde su  lanzamiento en 2003 lleva realizados casi 280 mil fiscalizaciones. <br \/>Desde su  creaci\u00f3n, la proporci\u00f3n de trabajadores informales que son registrados luego de  ser detectada la infracci\u00f3n por el Ministerio pas\u00f3 del 25 al 37 por ciento,  seg\u00fan datos de la cartera.<\/p>\n<p>2) Consideran &#8220;alerta grave&#8221; la reducci\u00f3n de  s\u00f3lo 4 por ciento en el empleo en negro en a\u00f1os de alto crecimiento  econ\u00f3mico<\/p>\n<p>Buenos Aires, set. 20 (NA) &#8212; El trabajo en negro se ubic\u00f3 en  el 44,2 por ciento en el primer semestre del a\u00f1o y si bien represent\u00f3 una baja  de 4 puntos porcentuales en los \u00faltimos dos a\u00f1os constituye una &#8220;se\u00f1al de alerta  grave&#8221; ya que se trat\u00f3 de a\u00f1os de crecimiento econ\u00f3mico en torno al 8 por  ciento. <br \/>As\u00ed lo consider\u00f3 hoy el titular del Instituto para el Desarrollo  Social Argentino (IDESA), Osvaldo Giordano, quien afirm\u00f3 que se trat\u00f3 de una  &#8220;reducci\u00f3n bastante modesta&#8221; y que el problema &#8220;no se soluciona con m\u00e1s  inspecciones&#8221;, sino con &#8220;un esquema regulatorio m\u00e1s amigable para las peque\u00f1as  empresas&#8221;. <br \/>&#8220;Cuatro puntos de reducci\u00f3n en dos a\u00f1os de extraordinario  crecimiento econ\u00f3mico es la se\u00f1al de alerta m\u00e1s grave&#8221;, advirti\u00f3 el economista  en declaraciones a Radio Am\u00e9rica. <br \/>Giordano alert\u00f3 que mientras que &#8220;en un  contexto de alt\u00edsimo crecimiento econ\u00f3mico y de recuperaci\u00f3n econ\u00f3mica se logran  resultados tan modestos en t\u00e9rminos de reducci\u00f3n de empleo, si se normaliza el  crecimiento las variables laborales tambi\u00e9n comienzan a normalizase y a  evolucionar de una manera menos din\u00e1mica&#8221;. <br \/>&#8220;Estamos hoy a un nivel de  actividad econ\u00f3mica superior a antes de la crisis, pero tenemos casi 10 puntos  m\u00e1s de empleo en negro&#8221;, destac\u00f3 el especialista. <br \/>En ese sentido, estim\u00f3 que  si se pretendiera alcanzar niveles de empleo en negro &#8220;tolerables desde el punto  de vista social, a este nivel de reducci\u00f3n, implicar\u00eda que necesitar\u00edamos  d\u00e9cadas&#8221;. <br \/>Giordano subray\u00f3 que &#8220;este fen\u00f3meno est\u00e1 muy vinculado con  problemas de marginalidad social&#8221; e incluso destac\u00f3 que tambi\u00e9n trae &#8220;problemas  para la empresa&#8221;. <br \/>&#8220;Este es un fen\u00f3meno muy vinculado a las peque\u00f1as empresas  y una empresa que contrata en negro es una empresa con severas limitaciones para  crecer para desarrollarse e integrarse a los fen\u00f3menos m\u00e1s din\u00e1micos de la  econom\u00eda&#8221;, explic\u00f3 el especialista. <br \/>En cuanto a los motivos que impulsan a  un empresario a decidir contratar personal en negro, el titular de IDESA se\u00f1al\u00f3  que &#8220;depende de muchos factores&#8221;. <br \/>El especialista puntualiz\u00f3 que estos  factores &#8220;tienen que ver con muy altos impuestos que gravan a gente con salarios  muy bajos y por lo tanto la propensi\u00f3n a no pagar el impuesto es muy fuerte,  tanto desde la propia empresa como desde el trabajador&#8221;. <br \/>&#8220;La mayor\u00eda de  estas empresas pagan salarios que est\u00e1n por debajo del m\u00ednimo, a eso  agregu\u00e9mosle la enorme litigiosidad que se est\u00e1 generando por el riesgo de  trabajo, a eso sum\u00e9mosle la burocracia que implica no s\u00f3lo pagar el impuesto  sino tambi\u00e9n contratar a un contador que haga los tr\u00e1mites&#8221;, ejemplific\u00f3  Giordano. <br \/>&#8220;La suma de todos estos factores explica la propensi\u00f3n de la  peque\u00f1a empresa a trabajar en la informalidad&#8221;, asegur\u00f3 el especialista.  <br \/>Respecto de los modos que tiene el Gobierno para reducir la informalidad,  Giordano advirti\u00f3 que &#8220;esto no se soluciona con m\u00e1s inspecciones&#8221;. <br \/>&#8220;El  Ministerio anuncia 100 mil inspecciones al a\u00f1o, pero por el otro lado el INDEC  informa que hay 1,3 millones de locales activos, es decir que tienen gente  trabajando. La probabilidad de que sean detectados es baja y trat\u00e1ndose de una  empresa tan peque\u00f1a lo m\u00e1s probable es que sea imposible el blanqueo&#8221;, estim\u00f3 el  titular de IDESA. <br \/>Por ello, indic\u00f3 que &#8220;la estrategia no pasa s\u00f3lo por  mayores controles sino por hacer tambi\u00e9n un esquema regulatorio m\u00e1s amigable  para las peque\u00f1as empresas&#8221;.<\/p>\n<p>3) Advierten que falta una pol\u00edtica amplia  de reducci\u00f3n del empleo en negro<\/p>\n<p>Buenos Aires, set. 20 (NA) &#8212; El  consultor Ernesto Kritz advirti\u00f3 hoy que hace falta &#8220;una pol\u00edtica amplia&#8221; de  reducci\u00f3n del empleo en negro que &#8220;ponga el \u00e9nfasis en las empresas de muy  peque\u00f1a escala, cambiando las formas de financiamiento de la seguridad social y  las normas de legislaci\u00f3n&#8221;. <br \/>El INDEC anunci\u00f3 ayer que el empleo en negro  registr\u00f3 una ca\u00edda de 1,7 por ciento en el primer semestre del a\u00f1o respecto de  igual per\u00edodo de 2005, al alcanzar 44,2 puntos porcentuales. <br \/>&#8220;El hecho m\u00e1s  positivo es que se quebr\u00f3 la tendencia alcista del empleo en negro desde hace  mas de un a\u00f1o&#8221;, remarc\u00f3 Kritz en di\u00e1logo con la agencia Noticias Argentinas.  <br \/>Seg\u00fan el director ejecutivo de SEL Consultores, &#8220;esto es consecuencia de que  los nuevos empleos que se crean son formales&#8221;. <br \/>Sin embargo, el economista  advirti\u00f3 que &#8220;pese al cambio de tendencia, no alcanza para modificar la  situaci\u00f3n de una proporci\u00f3n muy alta de la poblaci\u00f3n asalariada&#8221;. <br \/>&#8220;Esto es  muy poco. Aunque es positivo, no alcanza a modificar la cuesti\u00f3n estructural&#8221;,  alert\u00f3 Kritz. <br \/>Seg\u00fan precis\u00f3 el economista, &#8220;el stock de empleo en negro es  tan elevado que por m\u00e1s que los datos sean favorables se sigue registrando una  proporci\u00f3n alt\u00edsima&#8221;. <br \/>En cuanto a las medidas que podr\u00edan revertir esta  situaci\u00f3n, Kritz destac\u00f3 que &#8220;se han ensayado varios caminos: uno muy importante  tiene que ver con que el crecimiento del empleo ha sido en blanco&#8221;.  <br \/>Asimismo, record\u00f3 que &#8220;como parte de los cambios producidos despu\u00e9s de la  devaluaci\u00f3n, los sectores que m\u00e1s absorbieron empleo tuvieron ca\u00eddas en los  costos&#8221;. <br \/>&#8220;A\u00fan con los aumentos salariales en algunos sectores todav\u00eda el  costo laboral es m\u00e1s bajo y esto ayuda a la mejora del trabajo&#8221;, remarc\u00f3 el  especialista. <br \/>Respecto de los m\u00e9todos de control, Kritz destac\u00f3 que &#8220;el 20 o  25 por ciento de la mejora que se registr\u00f3 tuvo que ver con la fiscalizaci\u00f3n y  con la inspecci\u00f3n del trabajo&#8221;, pero advirti\u00f3 que &#8220;esto es insuficiente&#8221;.  <br \/>&#8220;Hay que pensar en una pol\u00edtica mucho m\u00e1s amplia de reducci\u00f3n de la  informalidad, que ponga el \u00e9nfasis en las empresas de muy peque\u00f1a escala,  cambiando las formas de financiamiento de la seguridad social y las normas de  legislaci\u00f3n&#8221;, afir<br \/>\nm\u00f3 el economista. <br \/>En este sentido, destac\u00f3 que &#8220;en las  empresas con menos de cinco trabajadores el 75 por ciento de los ocupados est\u00e1  en negro&#8221;, por lo que evalu\u00f3 que all\u00ed &#8220;no es efectiva una buena pol\u00edtica de  fiscalizaci\u00f3n&#8221;.<\/p>\n<\/div>\n","protected":false},"excerpt":{"rendered":"<div><span style=\"color: #3366ff;\">Mientras el Estado dice Combatir el Empleo en Negro, no Ayuda  a Generar las Condiciones que Hagan Posible su Reducci\u00f3n<\/span><\/div>\n<div>1) Operativo contra el trabajo en negro en una construcci\u00f3n  de lujosas torres en Palermo<\/div>\n<div>\n","protected":false},"author":1,"featured_media":73547,"comment_status":"closed","ping_status":"open","sticky":false,"template":"","format":"standard","meta":{"footnotes":""},"categories":[3],"tags":[],"class_list":["post-77235","post","type-post","status-publish","format-standard","has-post-thumbnail","hentry","category-ultimas-noticias"],"_links":{"self":[{"href":"https:\/\/ic.tecnopc.com.ar\/index.php\/wp-json\/wp\/v2\/posts\/77235","targetHints":{"allow":["GET"]}}],"collection":[{"href":"https:\/\/ic.tecnopc.com.ar\/index.php\/wp-json\/wp\/v2\/posts"}],"about":[{"href":"https:\/\/ic.tecnopc.com.ar\/index.php\/wp-json\/wp\/v2\/types\/post"}],"author":[{"embeddable":true,"href":"https:\/\/ic.tecnopc.com.ar\/index.php\/wp-json\/wp\/v2\/users\/1"}],"replies":[{"embeddable":true,"href":"https:\/\/ic.tecnopc.com.ar\/index.php\/wp-json\/wp\/v2\/comments?post=77235"}],"version-history":[{"count":0,"href":"https:\/\/ic.tecnopc.com.ar\/index.php\/wp-json\/wp\/v2\/posts\/77235\/revisions"}],"wp:featuredmedia":[{"embeddable":true,"href":"https:\/\/ic.tecnopc.com.ar\/index.php\/wp-json\/"}],"wp:attachment":[{"href":"https:\/\/ic.tecnopc.com.ar\/index.php\/wp-json\/wp\/v2\/media?parent=77235"}],"wp:term":[{"taxonomy":"category","embeddable":true,"href":"https:\/\/ic.tecnopc.com.ar\/index.php\/wp-json\/wp\/v2\/categories?post=77235"},{"taxonomy":"post_tag","embeddable":true,"href":"https:\/\/ic.tecnopc.com.ar\/index.php\/wp-json\/wp\/v2\/tags?post=77235"}],"curies":[{"name":"wp","href":"https:\/\/api.w.org\/{rel}","templated":true}]}}