{"id":77253,"date":"2006-10-06T19:29:28","date_gmt":"2006-10-06T22:29:28","guid":{"rendered":"http:\/\/martineziuliano.com.ar\/web\/positivo-fallo-contra-arba\/"},"modified":"2006-10-06T19:29:28","modified_gmt":"2006-10-06T22:29:28","slug":"positivo-fallo-contra-arba-2","status":"publish","type":"post","link":"https:\/\/ic.tecnopc.com.ar\/index.php\/2006\/10\/06\/positivo-fallo-contra-arba-2\/","title":{"rendered":"POSITIVO: FALLO CONTRA ARBA"},"content":{"rendered":"<p><span style=\"color: #3366ff;\"><br \/>No se pueden cobrar ajustes retroactivos del impuesto inmobiliario a los cumplidores. <br \/>(Si desea hacer alguna consulta sobre esta noticias, haga click.) <\/span><\/p>\n<p>La Suprema Corte de la Provincia de Buenos Aires., en autos \u201cFisco de la Provincia de Buenos Aires v. C\u00edrculo M\u00e9dico Lomas de Zamora\u201d, determin\u00f3 que no procede la exigencia fiscal de cobro retroactivo de los importes devengados y reclamados por diferencias debidas<\/p>\n<p>a reval\u00fao inmobiliario, determinadas durante los per\u00edodos en que el contribuyente diligentemente abon\u00f3, en debido tiempo y forma, el respectivo impuesto, sin que la Administraci\u00f3n hubiera objetado el pago, ya que \u00e9ste pago posee car\u00e1cter extintivo de esa obligaci\u00f3n fiscal.<br \/>Y de tratarse de un error de la administraci\u00f3n provincial en la tasaci\u00f3n del inmueble, esto de ninguna manera puede invocarse en contra del contribuyente despu\u00e9s de exigido y satisfecho el impuesto.<br \/>Reiteramos el principio general que establece que la ley protege al diligente, en este caso el contribuyente.<\/p>\n","protected":false},"excerpt":{"rendered":"<p><span style=\"color: #3366ff;\"><br \/>No se pueden cobrar ajustes retroactivos del impuesto inmobiliario a los cumplidores. <br \/>(Si desea hacer alguna consulta sobre esta noticias, haga click.) <\/span><\/p>\n<p>La Suprema Corte de la Provincia de Buenos Aires., en autos \u201cFisco de la Provincia de Buenos Aires v. C\u00edrculo M\u00e9dico Lomas de Zamora\u201d, determin\u00f3 que no procede la exigencia fiscal de cobro retroactivo de los importes devengados y reclamados por diferencias debidas<\/p>\n","protected":false},"author":1,"featured_media":73547,"comment_status":"closed","ping_status":"open","sticky":false,"template":"","format":"standard","meta":{"footnotes":""},"categories":[3],"tags":[],"class_list":["post-77253","post","type-post","status-publish","format-standard","has-post-thumbnail","hentry","category-ultimas-noticias"],"_links":{"self":[{"href":"https:\/\/ic.tecnopc.com.ar\/index.php\/wp-json\/wp\/v2\/posts\/77253","targetHints":{"allow":["GET"]}}],"collection":[{"href":"https:\/\/ic.tecnopc.com.ar\/index.php\/wp-json\/wp\/v2\/posts"}],"about":[{"href":"https:\/\/ic.tecnopc.com.ar\/index.php\/wp-json\/wp\/v2\/types\/post"}],"author":[{"embeddable":true,"href":"https:\/\/ic.tecnopc.com.ar\/index.php\/wp-json\/wp\/v2\/users\/1"}],"replies":[{"embeddable":true,"href":"https:\/\/ic.tecnopc.com.ar\/index.php\/wp-json\/wp\/v2\/comments?post=77253"}],"version-history":[{"count":0,"href":"https:\/\/ic.tecnopc.com.ar\/index.php\/wp-json\/wp\/v2\/posts\/77253\/revisions"}],"wp:featuredmedia":[{"embeddable":true,"href":"https:\/\/ic.tecnopc.com.ar\/index.php\/wp-json\/"}],"wp:attachment":[{"href":"https:\/\/ic.tecnopc.com.ar\/index.php\/wp-json\/wp\/v2\/media?parent=77253"}],"wp:term":[{"taxonomy":"category","embeddable":true,"href":"https:\/\/ic.tecnopc.com.ar\/index.php\/wp-json\/wp\/v2\/categories?post=77253"},{"taxonomy":"post_tag","embeddable":true,"href":"https:\/\/ic.tecnopc.com.ar\/index.php\/wp-json\/wp\/v2\/tags?post=77253"}],"curies":[{"name":"wp","href":"https:\/\/api.w.org\/{rel}","templated":true}]}}