{"id":77299,"date":"2007-10-16T03:00:00","date_gmt":"2007-10-16T06:00:00","guid":{"rendered":"http:\/\/martineziuliano.com.ar\/web\/medidas-con-aroma-electoral\/"},"modified":"2007-10-16T03:00:00","modified_gmt":"2007-10-16T06:00:00","slug":"medidas-con-aroma-electoral-2","status":"publish","type":"post","link":"https:\/\/ic.tecnopc.com.ar\/index.php\/2007\/10\/16\/medidas-con-aroma-electoral-2\/","title":{"rendered":"MEDIDAS CON AROMA ELECTORAL"},"content":{"rendered":"<div><span style=\"color: #0000ff;\">El gobierno ha anunciado acuerdos de precios, bajas de tasas  y de impuestos, que a\u00fan no se pueden aplicar.<\/span><\/div>\n<div>\n<div>* Buenos Aires, 16 octubre (NA) &#8212; EXPECTATIVA POR LISTAS DE  PRODUCTOS CON REBAJAS HASTA FIN DE A\u00d1O Y POR LA POSIBILIDAD DE QUE SE SUMEN  SUPERMERCADOS CHINOS. Las grandes cadenas de hipermercados anunciar\u00e1n hoy la  lista con cerca de 400 art\u00edculos que rebajar\u00e1n sus precios entre 5 y 7 por  ciento hasta in de a\u00f1o, acuerdo al suscribieron tambi\u00e9n los distribuidores, por  lo que hay gran expectativa ante la posibilidad de que se sumen los  supermercadistas chinos. Acuerden o no con los distribuidores, los  comerciantes asi\u00e1ticos lanzar\u00e1n desde noviembre pr\u00f3ximo una canasta con 30  productos de consumo masivo, incluyendo frutas y verduras y art\u00edculos navide\u00f1os,  con rebajas de entre 5 y 10 por ciento. <br \/>El secretario general de la C\u00e1mara  de Autoservicios y Supermercados de Propiedad de Residentes Chinos (Casrech),  Miguel Angel Calvete, reconoci\u00f3 que el Gobierno los convoc\u00f3 &#8220;a compartir la baja  en los alimentos que le propuso la semana pasada a las grandes cadenas y a los  supermercados&#8221;. <br \/>No obstante, explic\u00f3: &#8220;nos vamos a sumar a las rebajas, pero  necesitamos saber bien cu\u00e1les son los productos incluidos para informar bien a  los clientes&#8221;. <\/p>\n<p>* Buenos Aires, 16 octubre (NA) &#8212; BANCO CENTRAL REDUCIR\u00c1  TASA DE CR\u00c9DITOS A BANCOS PARA QUE ESA BAJA SE TRASLADE A PR\u00c9STAMOS DEL SECTOR  PRODUCTIVO. El Banco Central anunciar\u00e1 un paquete de medidas tendientes a lograr  que los bancos reduzcan las tasas de inter\u00e9s de sus cr\u00e9ditos y ampl\u00eden su  disponibilidad para la producci\u00f3n. <br \/>Como parte de este proyecto, se  anunciar\u00eda el lanzamiento de una fuerte cantidad de fondos a mayor plazo y la  baja de la tasa de inter\u00e9s con la que el Central presta a los bancos. <br \/>El  objetivo es que las entidades financieras trasladen esa reducci\u00f3n a las Pymes y  aumenten la disponibilidad de cr\u00e9ditos a la producci\u00f3n. <br \/>Para ello, el  Central reducir\u00eda entre uno y dos puntos la tasa que cobra a las entidades  financieras, y que el viernes pasado alcanzaba el 10 por ciento, para que \u00e9stas  puedan ofrecer pr\u00e9stamos a peque\u00f1as y medianas empresas con una tasa anual del  13 por ciento y no del 20, como lleg\u00f3 en plena crisis financiera internacional.  <br \/>Para ir definiendo el acuerdo, la Asociaci\u00f3n de Bancos se reunir\u00e1 hoy,  aunque algunos banqueros negaron que el encuentro se realice con el presidente  N\u00e9stor Kirchner. (NA). <br \/>Asimismo el economista y director del Plan F\u00e9nix,  Abraham Gak, consider\u00f3 hoy que &#8220;los bancos van a bajar sus tasas de inter\u00e9s&#8221;  tras el pedido del Gobierno y confi\u00f3 en que las de los pr\u00e9stamos a la producci\u00f3n  alcanzar\u00e1 el 12 por ciento. <br \/>&#8220;Los bancos va a bajar sus tasas de inter\u00e9s  porque el Gobierno se los pide&#8221;, sostuvo Gak. <br \/>En di\u00e1logo con radio  Rivadavia, el economista estim\u00f3 que &#8220;la baja ser\u00e1 del 9 por ciento para los  cr\u00e9ditos personales y del 12 por ciento para la industria&#8221;. <br \/>Por otro lado el  ex presidente del Banco Central Aldo Pignanelli consider\u00f3 hoy que al Gobierno le  resultar\u00e1 dif\u00edcil lograr que los bancos apliquen una baja sustancial y  perdurable en las tasas de inter\u00e9s. <br \/>Es que para el ex funcionario el sistema  financiero tiene &#8220;problemas de inflaci\u00f3n, de expectativas y de retiro de  dep\u00f3sitos&#8221;. <br \/>&#8220;Creo que el presidente (N\u00e9stor Kirchner) intenta resolver un  problema (cuando reclama a los bancos que bajen las tasas), pero sabe que el  mercado de capitales est\u00e1 muy limitado en el pa\u00eds&#8221;, sostuvo el ex funcionario.  <br \/>Pignanelli coment\u00f3 que el Gobierno &#8220;intenta que el poco dinero prestable que  tiene el sistema bancario, se haga a una tasa de inter\u00e9s equivalente a la  pre-crisis internacional, es decir, de unos 90 d\u00edas atr\u00e1s&#8221;.<br \/>&#8220;Creo que esta  decisi\u00f3n tiene que ver con la vuelta a la normalidad de las tasas que hab\u00edan  aumentado hace un mes cuando los mercados mundiales sufrieron una grave crisis  producto de la ca\u00edda de los cr\u00e9ditos hipotecarios en Estados Unidos&#8221;, evalu\u00f3 el  economista. <\/p>\n<p>* Buenos Aires, 16 octubre (La Naci\u00f3n) &#8212; COMENTARIOS A LA  LEY DE IMPUESTOS AL PATRIMONIO. El gobierno nacional acaba de anunciar el env\u00edo  al Congreso de un proyecto de ley para reformar el gravamen sobre los bienes  personales, equivocadamente conocido como &#8220;impuesto a la riqueza&#8221;.<br \/>De ser  aprobada por el Poder Legislativo, la iniciativa permitir\u00e1 que quienes posean  bienes por un valor de 300.000 pesos o menos pasen a estar exentos de pagar el  mencionado tributo. Quienes tengan bienes por un valor de 300.001 a 750.000  pesos deber\u00e1n abonar anualmente el 0,5 por ciento sobre el total de sus activos,  al\u00edcuota que se elevar\u00e1 al 0,75 por ciento si los bienes suman entre 750.001 y  dos millones de pesos. El impuesto se eleva al uno por ciento para los  patrimonios superiores a los dos millones de pesos y al 1,25 por ciento cuando  ellos excedan los cinco millones. <br \/>Si bien la medida propuesta es justa con  quienes tienen un patrimonio inferior a los 300.000 pesos, cifra que f\u00e1cilmente  puede ser alcanzada hoy con un modesto departamento de tres ambientes en la  Capital Federal y un autom\u00f3vil, impacta negativamente en los contribuyentes  cuyos bienes superan los 750.000 pesos, en parte porque el proyecto oficial  contempla la eliminaci\u00f3n del m\u00ednimo no imponible, actualmente de 102.300 pesos.  <br \/>En adelante, las al\u00edcuotas se aplicar\u00e1n sobre el total de bienes declarados,  sin que pueda deduc\u00edrseles, como hasta hoy, el m\u00ednimo no imponible. <br \/>Esta  reforma generar\u00eda, por ejemplo, que quien tiene bienes por un valor de 800.000  pesos, y que hasta ahora deb\u00eda tributar por a\u00f1o 5233 pesos, pase a pagar 6000  pesos, aun cuando la al\u00edcuota se mantenga en el 0,75 por ciento. Esto es as\u00ed  porque hasta hoy el contribuyente en esa hipot\u00e9tica situaci\u00f3n pod\u00eda deducir de  sus bienes el monto correspondiente al m\u00ednimo no imponible, por lo que deb\u00eda  abonar el impuesto sobre un total de 697.700 pesos (800.000 menos 102.300),  mientras que a partir de la aprobaci\u00f3n de la iniciativa proyectada deber\u00e1  hacerlo sobre 800.000 pesos. <br \/>El proyecto presenta tambi\u00e9n otras  complejidades que generan injusticias y que deber\u00edan ser revisadas por el  Congreso. Por ejemplo, quien declare bienes por 300.000 pesos no deber\u00e1 pagar el  impuesto, pero quien tenga 300.001 pesos deber\u00e1 oblar 1500 pesos, cuando con el  actual r\u00e9gimen deber\u00eda abonar s\u00f3lo 988 pesos. <br \/>As\u00ed, la eliminaci\u00f3n del m\u00ednimo  no imponible y el aumento de las al\u00edcuotas para los patrimonios m\u00e1s altos  desnaturalizan la idea de que estemos ante una rebaja impositiva, como la han  pintado algunos funcionarios. <br \/>Es cierto, como ha expresado d\u00edas atr\u00e1s ante  empresarios la candidata presidencial oficialista, Cristina Fern\u00e1ndez de  Kirchner, que &#8220;es ins\u00f3lito que pague [este impuesto] una persona con s\u00f3lo 30.000  d\u00f3lares [en bienes]&#8221;. Lo lamentable es que lo admita casi cuatro a\u00f1os y medio  despu\u00e9s de la asunci\u00f3n del gobierno de su esposo y que s\u00f3lo se haya atinado a  resolver este problema a pocos d\u00edas de las elecciones presidenciales.  <br \/>Considerandos similares plante\u00f3 el Gobierno en la justificaci\u00f3n de su  proyecto de ley, al expresar que el actual r\u00e9gimen rige desde 1992 y que, desde  entonces, &#8220;se han producido cambios significativos en las variables de la  econom\u00eda, cuya resultante es que han quedado alcanzados por el impuesto aquellos  sujetos, cuyos bienes reflejan escasa capacidad contributiva&#8221;. Cabe preguntarse  por qu\u00e9 se demor\u00f3 tanto en enfrentar un problema, cuya soluci\u00f3n era largamente  reclamada, al igual que el fin de otros impuestos distorsivos como el del  cheque.<\/div>\n<\/p><\/div>\n","protected":false},"excerpt":{"rendered":"<div><span style=\"color: #0000ff;\">El gobierno ha anunciado acuerdos de precios, bajas de tasas  y de impuestos, que a\u00fan no se pueden aplicar.<\/span><\/div>\n<div>\n<div>* Buenos Aires, 16 octubre (NA) &#8212; EXPECTATIVA POR LISTAS DE  PRODUCTOS CON REBAJAS HASTA FIN DE A\u00d1O Y POR LA POSIBILIDAD DE QUE SE SUMEN  SUPERMERCADOS CHINOS. Las grandes cadenas de hipermercados anunciar\u00e1n hoy la  lista con cerca de 400 art\u00edculos que rebajar\u00e1n sus precios entre 5 y 7 por  ciento hasta in de a\u00f1o, acuerdo al suscribieron tambi\u00e9n los distribuidores, por  lo que hay gran expectativa ante la posibilidad de que se sumen los  supermercadistas chinos.<\/p>\n","protected":false},"author":1,"featured_media":73547,"comment_status":"closed","ping_status":"open","sticky":false,"template":"","format":"standard","meta":{"footnotes":""},"categories":[3],"tags":[],"class_list":["post-77299","post","type-post","status-publish","format-standard","has-post-thumbnail","hentry","category-ultimas-noticias"],"_links":{"self":[{"href":"https:\/\/ic.tecnopc.com.ar\/index.php\/wp-json\/wp\/v2\/posts\/77299","targetHints":{"allow":["GET"]}}],"collection":[{"href":"https:\/\/ic.tecnopc.com.ar\/index.php\/wp-json\/wp\/v2\/posts"}],"about":[{"href":"https:\/\/ic.tecnopc.com.ar\/index.php\/wp-json\/wp\/v2\/types\/post"}],"author":[{"embeddable":true,"href":"https:\/\/ic.tecnopc.com.ar\/index.php\/wp-json\/wp\/v2\/users\/1"}],"replies":[{"embeddable":true,"href":"https:\/\/ic.tecnopc.com.ar\/index.php\/wp-json\/wp\/v2\/comments?post=77299"}],"version-history":[{"count":0,"href":"https:\/\/ic.tecnopc.com.ar\/index.php\/wp-json\/wp\/v2\/posts\/77299\/revisions"}],"wp:featuredmedia":[{"embeddable":true,"href":"https:\/\/ic.tecnopc.com.ar\/index.php\/wp-json\/"}],"wp:attachment":[{"href":"https:\/\/ic.tecnopc.com.ar\/index.php\/wp-json\/wp\/v2\/media?parent=77299"}],"wp:term":[{"taxonomy":"category","embeddable":true,"href":"https:\/\/ic.tecnopc.com.ar\/index.php\/wp-json\/wp\/v2\/categories?post=77299"},{"taxonomy":"post_tag","embeddable":true,"href":"https:\/\/ic.tecnopc.com.ar\/index.php\/wp-json\/wp\/v2\/tags?post=77299"}],"curies":[{"name":"wp","href":"https:\/\/api.w.org\/{rel}","templated":true}]}}