{"id":77308,"date":"2007-11-02T03:00:00","date_gmt":"2007-11-02T06:00:00","guid":{"rendered":"http:\/\/martineziuliano.com.ar\/web\/importante-vacaciones-del-personal\/"},"modified":"2007-11-02T03:00:00","modified_gmt":"2007-11-02T06:00:00","slug":"importante-vacaciones-del-personal-2","status":"publish","type":"post","link":"https:\/\/ic.tecnopc.com.ar\/index.php\/2007\/11\/02\/importante-vacaciones-del-personal-2\/","title":{"rendered":"IMPORTANTE: VACACIONES DEL PERSONAL"},"content":{"rendered":"<div>\n<div><span style=\"color: #3366ff;\">Tener en cuenta que deben notificarse y otorgarse con  formalidades estrictas<\/span><\/div>\n<\/p><\/div>\n<div>A los efectos de liquidar las vacaciones correspondientes al  a\u00f1o 2007, deber\u00e1n tener en cuenta las siguientes consideraciones: <br \/>\u2022 Las  vacaciones deben comunicarse con 45 d\u00edas de anticipaci\u00f3n y son de goce  absolutamente obligatorio.<br \/>\u2022 Siempre comienzan un lunes, o h\u00e1bil inmediato  siguiente, y los feriados incluidos dentro del per\u00edodo vacacional no hay que  abonarlos, por considerarse incluidos dentro de la licencia.<br \/>\u2022 La  comunicaci\u00f3n firmada por el empleado debe ser remitida a nuestro Estudio, a los  efectos de confeccionar los correspondientes recibos con el plus  vacacional.<br \/>\u2022 A los efectos de saber cuantos d\u00edas corresponden, los m\u00ednimos  de ley (ver cada convenio) son: a) (14) d\u00edas corridos, cuando la antig\u00fcedad en  el empleo no exceda de cinco a\u00f1os. b) (21) d\u00edas corridos, cuando siendo la  antig\u00fcedad mayor de cinco a\u00f1os, no exceda de diez. c) (28) d\u00edas corridos, cuando  la antig\u00fcedad siendo mayor de diez a\u00f1os, no exceda de veinte. d) (35) d\u00edas  corridos, cuando la antig\u00fcedad exceda de veinte a\u00f1os.<br \/>\u2022 Texto b\u00e1sico de la  comunicaci\u00f3n:<br \/>Por intermedio de la presente comunico a Ud. que su per\u00edodo  vacacional correspondiente al a\u00f1o 2007, es de __ d\u00edas corridos, y comprender\u00e1 el  per\u00edodo del___ de ____________ de 200_ al ___ de _________________ de 200__,  debiendo reintegrase a sus tareas en su horario normal de trabajo el d\u00eda __ de  _______________________ de 200__.Buenos Aires, __ de __________________ de 2007.  Me notifico: Firma del empleado.<\/div>\n","protected":false},"excerpt":{"rendered":"<div>\n<div><span style=\"color: #3366ff;\">Tener en cuenta que deben notificarse y otorgarse con  formalidades estrictas<\/span><\/div>\n<\/p><\/div>\n<div>A los efectos de liquidar las vacaciones correspondientes al  a\u00f1o 2007, deber\u00e1n tener en cuenta las siguientes consideraciones:<\/p>\n","protected":false},"author":1,"featured_media":73547,"comment_status":"closed","ping_status":"open","sticky":false,"template":"","format":"standard","meta":{"footnotes":""},"categories":[3],"tags":[],"class_list":["post-77308","post","type-post","status-publish","format-standard","has-post-thumbnail","hentry","category-ultimas-noticias"],"_links":{"self":[{"href":"https:\/\/ic.tecnopc.com.ar\/index.php\/wp-json\/wp\/v2\/posts\/77308","targetHints":{"allow":["GET"]}}],"collection":[{"href":"https:\/\/ic.tecnopc.com.ar\/index.php\/wp-json\/wp\/v2\/posts"}],"about":[{"href":"https:\/\/ic.tecnopc.com.ar\/index.php\/wp-json\/wp\/v2\/types\/post"}],"author":[{"embeddable":true,"href":"https:\/\/ic.tecnopc.com.ar\/index.php\/wp-json\/wp\/v2\/users\/1"}],"replies":[{"embeddable":true,"href":"https:\/\/ic.tecnopc.com.ar\/index.php\/wp-json\/wp\/v2\/comments?post=77308"}],"version-history":[{"count":0,"href":"https:\/\/ic.tecnopc.com.ar\/index.php\/wp-json\/wp\/v2\/posts\/77308\/revisions"}],"wp:featuredmedia":[{"embeddable":true,"href":"https:\/\/ic.tecnopc.com.ar\/index.php\/wp-json\/"}],"wp:attachment":[{"href":"https:\/\/ic.tecnopc.com.ar\/index.php\/wp-json\/wp\/v2\/media?parent=77308"}],"wp:term":[{"taxonomy":"category","embeddable":true,"href":"https:\/\/ic.tecnopc.com.ar\/index.php\/wp-json\/wp\/v2\/categories?post=77308"},{"taxonomy":"post_tag","embeddable":true,"href":"https:\/\/ic.tecnopc.com.ar\/index.php\/wp-json\/wp\/v2\/tags?post=77308"}],"curies":[{"name":"wp","href":"https:\/\/api.w.org\/{rel}","templated":true}]}}