{"id":77318,"date":"2007-12-21T03:00:00","date_gmt":"2007-12-21T06:00:00","guid":{"rendered":"http:\/\/martineziuliano.com.ar\/web\/crisis-energetica-medidas\/"},"modified":"2007-12-21T03:00:00","modified_gmt":"2007-12-21T06:00:00","slug":"crisis-energetica-medidas-2","status":"publish","type":"post","link":"https:\/\/ic.tecnopc.com.ar\/index.php\/2007\/12\/21\/crisis-energetica-medidas-2\/","title":{"rendered":"CRISIS ENERG\u00c9TICA: MEDIDAS"},"content":{"rendered":"<div><span style=\"color: #0000ff;\">Respaldo de empresarios Pymes al programa de ahorro  energ\u00e9tico oficial<\/span><\/div>\n<div>Buenos Aires, 21 diciembre (NA) &#8212; La Confederaci\u00f3n General  Econ\u00f3mica de la Rep\u00fablica Argentina (CGERA) apoy\u00f3 esta tarde el plan de ahorro  energ\u00e9tico impulsado por el Gobierno Nacional, y consider\u00f3 que &#8220;las grandes  empresas&#8221; deben evitar un &#8220;despilfarro&#8221; de consumo.<\/div>\n<div>Seg\u00fan la entidad, &#8220;no  s\u00f3lo los usuarios dom\u00e9sticos deben hacer su ahorro. Las grandes empresas tambi\u00e9n  deben sumarse a este esfuerzo. Debemos dejar de ver las luces que iluminan  oficinas vac\u00edas, entre otras medidas cotidianas que manifiestan una total  irresponsabilidad ante la falta de energ\u00eda el\u00e9ctrica&#8221;. <br \/>A trav\u00e9s de un  comunicado, la entidad que preside Marcelo Fern\u00e1ndez se\u00f1al\u00f3 adem\u00e1s que &#8220;el  crecimiento de nuestras empresas necesita de energ\u00eda. Pero debemos sincerarnos y  hacer uso racional de la energ\u00eda, sin despilfarro&#8221;. <br \/>&#8220;Las inversiones en esta  materia son, como m\u00ednimo, a diez a\u00f1os. Hoy sufrimos la desinversi\u00f3n de la  segunda mitad de los noventa. Es que para el paradigma de esa \u00e9poca &#8211; un pa\u00eds  sin industria- no era necesaria la energ\u00eda&#8221;, a\u00f1adi\u00f3.<\/div>\n","protected":false},"excerpt":{"rendered":"<div><span style=\"color: #0000ff;\">Respaldo de empresarios Pymes al programa de ahorro  energ\u00e9tico oficial<\/span><\/div>\n<div>Buenos Aires, 21 diciembre (NA) &#8212; La Confederaci\u00f3n General  Econ\u00f3mica de la Rep\u00fablica Argentina (CGERA) apoy\u00f3 esta tarde el plan de ahorro  energ\u00e9tico impulsado por el Gobierno Nacional, y consider\u00f3 que &#8220;las grandes  empresas&#8221; deben evitar un &#8220;despilfarro&#8221; de consumo.<\/div>\n<div>\n","protected":false},"author":1,"featured_media":73547,"comment_status":"closed","ping_status":"open","sticky":false,"template":"","format":"standard","meta":{"footnotes":""},"categories":[3],"tags":[],"class_list":["post-77318","post","type-post","status-publish","format-standard","has-post-thumbnail","hentry","category-ultimas-noticias"],"_links":{"self":[{"href":"https:\/\/ic.tecnopc.com.ar\/index.php\/wp-json\/wp\/v2\/posts\/77318","targetHints":{"allow":["GET"]}}],"collection":[{"href":"https:\/\/ic.tecnopc.com.ar\/index.php\/wp-json\/wp\/v2\/posts"}],"about":[{"href":"https:\/\/ic.tecnopc.com.ar\/index.php\/wp-json\/wp\/v2\/types\/post"}],"author":[{"embeddable":true,"href":"https:\/\/ic.tecnopc.com.ar\/index.php\/wp-json\/wp\/v2\/users\/1"}],"replies":[{"embeddable":true,"href":"https:\/\/ic.tecnopc.com.ar\/index.php\/wp-json\/wp\/v2\/comments?post=77318"}],"version-history":[{"count":0,"href":"https:\/\/ic.tecnopc.com.ar\/index.php\/wp-json\/wp\/v2\/posts\/77318\/revisions"}],"wp:featuredmedia":[{"embeddable":true,"href":"https:\/\/ic.tecnopc.com.ar\/index.php\/wp-json\/"}],"wp:attachment":[{"href":"https:\/\/ic.tecnopc.com.ar\/index.php\/wp-json\/wp\/v2\/media?parent=77318"}],"wp:term":[{"taxonomy":"category","embeddable":true,"href":"https:\/\/ic.tecnopc.com.ar\/index.php\/wp-json\/wp\/v2\/categories?post=77318"},{"taxonomy":"post_tag","embeddable":true,"href":"https:\/\/ic.tecnopc.com.ar\/index.php\/wp-json\/wp\/v2\/tags?post=77318"}],"curies":[{"name":"wp","href":"https:\/\/api.w.org\/{rel}","templated":true}]}}