{"id":77320,"date":"2008-01-07T03:00:00","date_gmt":"2008-01-07T05:00:00","guid":{"rendered":"http:\/\/martineziuliano.com.ar\/web\/dos-buenas-noticias\/"},"modified":"2008-01-07T03:00:00","modified_gmt":"2008-01-07T05:00:00","slug":"dos-buenas-noticias-2","status":"publish","type":"post","link":"https:\/\/ic.tecnopc.com.ar\/index.php\/2008\/01\/07\/dos-buenas-noticias-2\/","title":{"rendered":"DOS BUENAS NOTICIAS"},"content":{"rendered":"<div>\n<div><span style=\"color: #0000ff;\">AFIP, prorrog\u00f3 la recategorizaci\u00f3n del Monotributo y el  Registro de la Propiedad de la Provincia, comenz\u00f3 a funcionar despu\u00e9s de 40 d\u00edas  de paro.<\/span><\/div>\n<\/p><\/div>\n<div>* AFIP: Ampl\u00eda plazo para recategorizarse en el  monotributo<\/div>\n<div>Buenos Aires, 7 enero (NA) &#8212; La Administraci\u00f3n Federal de  Ingresos P\u00fablicos (AFIP) dispuso ampliar hasta el viernes pr\u00f3ximo el plazo para  que los monotributistas se recategoricen, en caso de que les corresponda. <br \/>El  subdirector general de Servicios al Contribuyente del organismo, Sergio Rufail,  destac\u00f3 que la ampliaci\u00f3n del vencimiento, que operaba hoy, se realizar\u00e1 &#8220;para  permitir dar m\u00e1s plazo a los contribuyentes, ya que algunos pudieron estar de  vacaciones&#8221;. <br \/>El funcionario record\u00f3 que la recategorizaci\u00f3n de los  monotributistas &#8220;se hace habitualmente en enero, en mayo y en  septiembre&#8221;.<\/p>\n<p>* Buenos Aires: se normaliza la actividad en el Registro  Provincial de la Propiedad, que hoy atiende hasta las 20:00<\/p>\n<p>Buenos Aires,  7 enero (NA) &#8212; Todas las delegaciones del Registro Provincial de la Propiedad  atender\u00e1n hoy hasta las 20:00, para poder recibir la mayor cantidad de  operaciones posibles, luego del paro que los trabajadores realizaron durante 40  d\u00edas. <br \/>As\u00ed lo inform\u00f3 el Director Provincial de ese Registro, Julio P\u00e1ngaro,  quien pronostic\u00f3 que s\u00f3lo hoy, el organismo puede llegar a recibir unos 150 mil  documentos, la mayor\u00eda en la sede central de La Plata. <br \/>El funcionario  destac\u00f3 que desde que asumi\u00f3 la direcci\u00f3n del organismo, &#8220;regularizamos la  situaci\u00f3n interna y desde el viernes \u00faltimo hemos zanjado algunas cuestiones  (con los trabajadores), aunque otras quedan pendientes&#8221;. <br \/>En ese sentido,  record\u00f3 -a trav\u00e9s de un comunicado- que ma\u00f1ana se reunir\u00e1n funcionarios del  Gobierno provincial con los representantes gremiales en la sede del ministerio  de Trabajo bonaerense.<\/div>\n","protected":false},"excerpt":{"rendered":"<div>\n<div><span style=\"color: #0000ff;\">AFIP, prorrog\u00f3 la recategorizaci\u00f3n del Monotributo y el  Registro de la Propiedad de la Provincia, comenz\u00f3 a funcionar despu\u00e9s de 40 d\u00edas  de paro.<\/span><\/div>\n<\/p><\/div>\n<div>* AFIP: Ampl\u00eda plazo para recategorizarse en el  monotributo<\/div>\n<div>\n","protected":false},"author":1,"featured_media":73547,"comment_status":"closed","ping_status":"open","sticky":false,"template":"","format":"standard","meta":{"footnotes":""},"categories":[3],"tags":[],"class_list":["post-77320","post","type-post","status-publish","format-standard","has-post-thumbnail","hentry","category-ultimas-noticias"],"_links":{"self":[{"href":"https:\/\/ic.tecnopc.com.ar\/index.php\/wp-json\/wp\/v2\/posts\/77320","targetHints":{"allow":["GET"]}}],"collection":[{"href":"https:\/\/ic.tecnopc.com.ar\/index.php\/wp-json\/wp\/v2\/posts"}],"about":[{"href":"https:\/\/ic.tecnopc.com.ar\/index.php\/wp-json\/wp\/v2\/types\/post"}],"author":[{"embeddable":true,"href":"https:\/\/ic.tecnopc.com.ar\/index.php\/wp-json\/wp\/v2\/users\/1"}],"replies":[{"embeddable":true,"href":"https:\/\/ic.tecnopc.com.ar\/index.php\/wp-json\/wp\/v2\/comments?post=77320"}],"version-history":[{"count":0,"href":"https:\/\/ic.tecnopc.com.ar\/index.php\/wp-json\/wp\/v2\/posts\/77320\/revisions"}],"wp:featuredmedia":[{"embeddable":true,"href":"https:\/\/ic.tecnopc.com.ar\/index.php\/wp-json\/"}],"wp:attachment":[{"href":"https:\/\/ic.tecnopc.com.ar\/index.php\/wp-json\/wp\/v2\/media?parent=77320"}],"wp:term":[{"taxonomy":"category","embeddable":true,"href":"https:\/\/ic.tecnopc.com.ar\/index.php\/wp-json\/wp\/v2\/categories?post=77320"},{"taxonomy":"post_tag","embeddable":true,"href":"https:\/\/ic.tecnopc.com.ar\/index.php\/wp-json\/wp\/v2\/tags?post=77320"}],"curies":[{"name":"wp","href":"https:\/\/api.w.org\/{rel}","templated":true}]}}