{"id":77332,"date":"2008-03-18T03:00:00","date_gmt":"2008-03-18T06:00:00","guid":{"rendered":"http:\/\/martineziuliano.com.ar\/web\/qrenuncioq-abad\/"},"modified":"2008-03-18T03:00:00","modified_gmt":"2008-03-18T06:00:00","slug":"qrenuncioq-abad-2","status":"publish","type":"post","link":"https:\/\/ic.tecnopc.com.ar\/index.php\/2008\/03\/18\/qrenuncioq-abad-2\/","title":{"rendered":"&quot;RENUNCI\u00d3&quot; ABAD"},"content":{"rendered":"<div><span style=\"color: #0000ff;\">Cristina Fern\u00e1ndez ech\u00f3 a Abad y a Etchegaray<\/span><\/div>\n<div>Buenos Aires, 18 marzo (NA) &#8212; La presidenta Cristina  Kirchner cort\u00f3 por lo sano y ech\u00f3 a los titulares de la AFIP, Alberto Abad, y de  la Aduana, Ricardo Echegaray, dos funcionarios que estaban enfrentados.<\/div>\n<div>El  anuncio formal fue realizado esta noche en Casa de Gobierno por el jefe de  Gabinete, Alberto Fern\u00e1ndez, quien inform\u00f3 que al frente del organismo  recaudador se desempe\u00f1ar\u00e1 Carlos Rafael Fern\u00e1ndez, un funcionario a cargo de la  Subsecretar\u00eda de Evaluaci\u00f3n Presupuestaria. <br \/>En una breve rueda de prensa,  Fern\u00e1ndez dijo que la Jefa de Estado acept\u00f3 las renuncias de ambos funcionarios,  alegando solamente &#8220;motivos personales&#8221;. <br \/>Aun no fue designado el funcionario  que reemplazar\u00e1 a Echegaray al frente de la Direcci\u00f3n General de Aduanas, dijo  Fern\u00e1ndez.<\/div>\n","protected":false},"excerpt":{"rendered":"<div><span style=\"color: #0000ff;\">Cristina Fern\u00e1ndez ech\u00f3 a Abad y a Etchegaray<\/span><\/div>\n<div>Buenos Aires, 18 marzo (NA) &#8212; La presidenta Cristina  Kirchner cort\u00f3 por lo sano y ech\u00f3 a los titulares de la AFIP, Alberto Abad, y de  la Aduana, Ricardo Echegaray, dos funcionarios que estaban enfrentados.<\/div>\n<div>\n","protected":false},"author":1,"featured_media":73547,"comment_status":"closed","ping_status":"open","sticky":false,"template":"","format":"standard","meta":{"footnotes":""},"categories":[3],"tags":[],"class_list":["post-77332","post","type-post","status-publish","format-standard","has-post-thumbnail","hentry","category-ultimas-noticias"],"_links":{"self":[{"href":"https:\/\/ic.tecnopc.com.ar\/index.php\/wp-json\/wp\/v2\/posts\/77332","targetHints":{"allow":["GET"]}}],"collection":[{"href":"https:\/\/ic.tecnopc.com.ar\/index.php\/wp-json\/wp\/v2\/posts"}],"about":[{"href":"https:\/\/ic.tecnopc.com.ar\/index.php\/wp-json\/wp\/v2\/types\/post"}],"author":[{"embeddable":true,"href":"https:\/\/ic.tecnopc.com.ar\/index.php\/wp-json\/wp\/v2\/users\/1"}],"replies":[{"embeddable":true,"href":"https:\/\/ic.tecnopc.com.ar\/index.php\/wp-json\/wp\/v2\/comments?post=77332"}],"version-history":[{"count":0,"href":"https:\/\/ic.tecnopc.com.ar\/index.php\/wp-json\/wp\/v2\/posts\/77332\/revisions"}],"wp:featuredmedia":[{"embeddable":true,"href":"https:\/\/ic.tecnopc.com.ar\/index.php\/wp-json\/"}],"wp:attachment":[{"href":"https:\/\/ic.tecnopc.com.ar\/index.php\/wp-json\/wp\/v2\/media?parent=77332"}],"wp:term":[{"taxonomy":"category","embeddable":true,"href":"https:\/\/ic.tecnopc.com.ar\/index.php\/wp-json\/wp\/v2\/categories?post=77332"},{"taxonomy":"post_tag","embeddable":true,"href":"https:\/\/ic.tecnopc.com.ar\/index.php\/wp-json\/wp\/v2\/tags?post=77332"}],"curies":[{"name":"wp","href":"https:\/\/api.w.org\/{rel}","templated":true}]}}