{"id":77351,"date":"2008-06-08T03:00:00","date_gmt":"2008-06-08T06:00:00","guid":{"rendered":"http:\/\/martineziuliano.com.ar\/web\/feria-judicial-2807-al-0608\/"},"modified":"2008-06-08T03:00:00","modified_gmt":"2008-06-08T06:00:00","slug":"feria-judicial-2807-al-0608-2","status":"publish","type":"post","link":"https:\/\/ic.tecnopc.com.ar\/index.php\/2008\/06\/08\/feria-judicial-2807-al-0608-2\/","title":{"rendered":"FERIA JUDICIAL: 28\/07 AL 06\/08"},"content":{"rendered":"<div><span style=\"color: #0000ff;\">Se estableci\u00f3 la fecha de las dos semanas de Feria  Judicial<\/span><\/div>\n<div><\/div>\n<div>\n<div>Clar\u00edn, viernes 6 de junio de 2008 &#8211; Conforme al Acuerdo N\u00ba  07\/08 del 22\/04\/08, la Corte Suprema de Justicia de la Naci\u00f3n fij\u00f3 la fecha de  la feria judicial de invierno para este a\u00f1o. La mencionada feria estar\u00e1  comprendida entre el 28 de julio y el 08 de agosto, pr\u00f3ximos.<\/div>\n<\/p><\/div>\n","protected":false},"excerpt":{"rendered":"<p>Se estableci\u00f3 la fecha de las dos semanas de Feria Judicial Clar\u00edn, viernes 6 de junio de 2008 &#8211; Conforme al Acuerdo N\u00ba 07\/08 del 22\/04\/08, la Corte Suprema de Justicia de la Naci\u00f3n fij\u00f3 la fecha de la feria judicial de invierno para este a\u00f1o. La mencionada feria estar\u00e1 comprendida entre el 28 de [&hellip;]<\/p>\n","protected":false},"author":1,"featured_media":73547,"comment_status":"closed","ping_status":"open","sticky":false,"template":"","format":"standard","meta":{"footnotes":""},"categories":[3],"tags":[],"class_list":["post-77351","post","type-post","status-publish","format-standard","has-post-thumbnail","hentry","category-ultimas-noticias"],"_links":{"self":[{"href":"https:\/\/ic.tecnopc.com.ar\/index.php\/wp-json\/wp\/v2\/posts\/77351","targetHints":{"allow":["GET"]}}],"collection":[{"href":"https:\/\/ic.tecnopc.com.ar\/index.php\/wp-json\/wp\/v2\/posts"}],"about":[{"href":"https:\/\/ic.tecnopc.com.ar\/index.php\/wp-json\/wp\/v2\/types\/post"}],"author":[{"embeddable":true,"href":"https:\/\/ic.tecnopc.com.ar\/index.php\/wp-json\/wp\/v2\/users\/1"}],"replies":[{"embeddable":true,"href":"https:\/\/ic.tecnopc.com.ar\/index.php\/wp-json\/wp\/v2\/comments?post=77351"}],"version-history":[{"count":0,"href":"https:\/\/ic.tecnopc.com.ar\/index.php\/wp-json\/wp\/v2\/posts\/77351\/revisions"}],"wp:featuredmedia":[{"embeddable":true,"href":"https:\/\/ic.tecnopc.com.ar\/index.php\/wp-json\/"}],"wp:attachment":[{"href":"https:\/\/ic.tecnopc.com.ar\/index.php\/wp-json\/wp\/v2\/media?parent=77351"}],"wp:term":[{"taxonomy":"category","embeddable":true,"href":"https:\/\/ic.tecnopc.com.ar\/index.php\/wp-json\/wp\/v2\/categories?post=77351"},{"taxonomy":"post_tag","embeddable":true,"href":"https:\/\/ic.tecnopc.com.ar\/index.php\/wp-json\/wp\/v2\/tags?post=77351"}],"curies":[{"name":"wp","href":"https:\/\/api.w.org\/{rel}","templated":true}]}}