{"id":77367,"date":"2008-08-28T03:00:00","date_gmt":"2008-08-28T06:00:00","guid":{"rendered":"http:\/\/martineziuliano.com.ar\/web\/industriales-quejas-por-dolar-barato\/"},"modified":"2008-08-28T03:00:00","modified_gmt":"2008-08-28T06:00:00","slug":"industriales-quejas-por-dolar-barato-2","status":"publish","type":"post","link":"https:\/\/ic.tecnopc.com.ar\/index.php\/2008\/08\/28\/industriales-quejas-por-dolar-barato-2\/","title":{"rendered":"INDUSTRIALES: QUEJAS POR D\u00d3LAR BARATO"},"content":{"rendered":"<div><span style=\"color: #0000ff;\">Advierten que la apreciaci\u00f3n del peso es mucho peor que la  devaluaci\u00f3n<\/span><\/div>\n<div><\/div>\n<div>\n<div>Buenos Aires, 28 agosto (NA) &#8212; Industriales textiles  advirtieron hoy que para la actividad productiva argentina la apreciaci\u00f3n del  peso es &#8220;mucho peor&#8221; que la devaluaci\u00f3n de la moneda. <br \/>El vicepresidente de  la UIA, Jos\u00e9 Ignacio de Mendiguren, destac\u00f3 que el pa\u00eds sali\u00f3 de la crisis de  2001 al dar por tierra con el modelo agroexportador y &#8220;sincerar dos variables de  la econom\u00eda: un tipo de cambio competitivo y baja inflaci\u00f3n&#8221;. &#8220;La  revaluaci\u00f3n es mucho peor que la devaluaci\u00f3n&#8221;, enfatiz\u00f3 De Mendiguren, quien  viene cuestionando las elevadas tasas de inflaci\u00f3n. <br \/>Por su parte, el  economista Aldo Ferrer consider\u00f3 que &#8220;al pa\u00eds le queda grande el campo como  \u00fanico sector sustentador de la Argentina&#8221;, al hacer una cerrada defensa de la  industria nacional. <br \/>Ferrer y De Mendiguren se refirieron de este modo al  participar de la &#8220;Mesa de la Memoria&#8221;, en el marco de la IV Convenci\u00f3n de la  Industria Textil de Indumentaria y Dise\u00f1o Argentino organizada por la Fundaci\u00f3n  Pro Tejer. <br \/>Tambi\u00e9n participaron el secretario de la Asociaci\u00f3n Obrera  Textil, Jorge Lobais, y el historiador Felipe Pigna. <br \/>&#8220;La discusi\u00f3n sobre las  retenciones se plante\u00f3 en funci\u00f3n de la distribuci\u00f3n de la renta, cuando lo que  est\u00e1 en juego es la estructura productiva para darle rentabilidad al conjunto de  las actividades de bienes transables&#8221;, enfatiz\u00f3 el economista ante unos 1.200  empresarios y dirigentes presentes en la convenci\u00f3n. <br \/>Ferrer destac\u00f3 que &#8220;el  protagonismo que ha tenido el Congreso en el debate econ\u00f3mico es fundamental&#8221;,  dado que se deben &#8220;fortalecer las instituciones de la democracia, fortalecer la  participaci\u00f3n de la sociedad civil&#8221;. <br \/>&#8220;Nos dimos el lujo de estar peleando  por cuatro meses por el tema del campo y la econom\u00eda sigue firme. El escenario  internacional es tambi\u00e9n favorable y positivo. Si no hacemos las cosas bien,  realmente no le podemos echar la culpa a nadie&#8221;, arremeti\u00f3. <br \/>Es que, seg\u00fan el  economista, &#8220;tenemos las mejores oportunidades para resolver con \u00e9xito los  dilemas&#8221; y &#8220;hay margen para que estas tendencias se mantengan, sin generar  desequilibrios dram\u00e1ticos en el corto plazo&#8221;. <br \/>En este camino, indic\u00f3 que se  debe &#8220;aumentar el valor de las tasas de inter\u00e9s y atraer capital extranjero&#8221;, y  que con el mismo objetivo se debe mantener la &#8220;solvencia fiscal para que no  queden dudas que el pa\u00eds se ha recuperado&#8221;. <br \/>Y se debe sostener un &#8220;tipo de  cambio de equilibrio&#8221;, que significa una &#8220;paridad que oriente el gasto hacia  adentro, que favorezca la diversificaci\u00f3n de las exportaciones con alto valor  agregado y que desaliente la entrada de capitales especulativos para que el que  invierte tenga certezas&#8221;. <br \/>Tambi\u00e9n se\u00f1al\u00f3 que se deben aplicar &#8220;reformas en  el sector financiero para canalizar el ahorro a la inversi\u00f3n&#8221;, lo que tambi\u00e9n  requiere de &#8220;bajar la tasa de inflaci\u00f3n a niveles adecuados&#8221;. <br \/>En este \u00faltimo  punto, Ferrer aclar\u00f3 que en el pa\u00eds se est\u00e1 &#8220;confundiendo el instituto que mide  los precios con la inflaci\u00f3n&#8221;, dado que &#8220;no est\u00e1 descontrolada la inflaci\u00f3n&#8221; y  la actual &#8220;no es la situaci\u00f3n del pasado&#8221;. <br \/>No obstante, reiter\u00f3 que una  &#8220;consecuencia del aumento de precios es la fuerte apreciaci\u00f3n de la moneda y que  se achica la rentabilidad&#8221;.<\/div>\n<\/p><\/div>\n","protected":false},"excerpt":{"rendered":"<div><span style=\"color: #0000ff;\">Advierten que la apreciaci\u00f3n del peso es mucho peor que la  devaluaci\u00f3n<\/span><\/div>\n<div><\/div>\n<div>\n<div>Buenos Aires, 28 agosto (NA) &#8212; Industriales textiles  advirtieron hoy que para la actividad productiva argentina la apreciaci\u00f3n del  peso es &#8220;mucho peor&#8221; que la devaluaci\u00f3n de la moneda. <br \/>El vicepresidente de  la UIA, Jos\u00e9 Ignacio de Mendiguren, destac\u00f3 que el pa\u00eds sali\u00f3 de la crisis de  2001 al dar por tierra con el modelo agroexportador y &#8220;sincerar dos variables de  la econom\u00eda: un tipo de cambio competitivo y baja inflaci\u00f3n&#8221;.<\/p>\n","protected":false},"author":1,"featured_media":73547,"comment_status":"closed","ping_status":"open","sticky":false,"template":"","format":"standard","meta":{"footnotes":""},"categories":[3],"tags":[],"class_list":["post-77367","post","type-post","status-publish","format-standard","has-post-thumbnail","hentry","category-ultimas-noticias"],"_links":{"self":[{"href":"https:\/\/ic.tecnopc.com.ar\/index.php\/wp-json\/wp\/v2\/posts\/77367","targetHints":{"allow":["GET"]}}],"collection":[{"href":"https:\/\/ic.tecnopc.com.ar\/index.php\/wp-json\/wp\/v2\/posts"}],"about":[{"href":"https:\/\/ic.tecnopc.com.ar\/index.php\/wp-json\/wp\/v2\/types\/post"}],"author":[{"embeddable":true,"href":"https:\/\/ic.tecnopc.com.ar\/index.php\/wp-json\/wp\/v2\/users\/1"}],"replies":[{"embeddable":true,"href":"https:\/\/ic.tecnopc.com.ar\/index.php\/wp-json\/wp\/v2\/comments?post=77367"}],"version-history":[{"count":0,"href":"https:\/\/ic.tecnopc.com.ar\/index.php\/wp-json\/wp\/v2\/posts\/77367\/revisions"}],"wp:featuredmedia":[{"embeddable":true,"href":"https:\/\/ic.tecnopc.com.ar\/index.php\/wp-json\/"}],"wp:attachment":[{"href":"https:\/\/ic.tecnopc.com.ar\/index.php\/wp-json\/wp\/v2\/media?parent=77367"}],"wp:term":[{"taxonomy":"category","embeddable":true,"href":"https:\/\/ic.tecnopc.com.ar\/index.php\/wp-json\/wp\/v2\/categories?post=77367"},{"taxonomy":"post_tag","embeddable":true,"href":"https:\/\/ic.tecnopc.com.ar\/index.php\/wp-json\/wp\/v2\/tags?post=77367"}],"curies":[{"name":"wp","href":"https:\/\/api.w.org\/{rel}","templated":true}]}}