{"id":77375,"date":"2008-10-27T03:00:00","date_gmt":"2008-10-27T05:00:00","guid":{"rendered":"http:\/\/martineziuliano.com.ar\/web\/vuelve-el-corralito-laboral\/"},"modified":"2008-10-27T03:00:00","modified_gmt":"2008-10-27T05:00:00","slug":"vuelve-el-corralito-laboral-2","status":"publish","type":"post","link":"https:\/\/ic.tecnopc.com.ar\/index.php\/2008\/10\/27\/vuelve-el-corralito-laboral-2\/","title":{"rendered":"VUELVE EL CORRALITO LABORAL"},"content":{"rendered":"<div><span style=\"color: #0000ff;\">El ministro de Trabajo Carlos Tomada anticip\u00f3 que las  compa\u00f1\u00edas deber\u00e1n presentar un Procedimiento Preventivo<\/span><\/div>\n<div><\/div>\n<div>27 de octubre de 2008 (Infobae) &#8212; Las empresas deber\u00e1n  anticipar al Ministerio de Trabajo los movimientos laborales que eval\u00faen hacer  con sus empleados, a partir del parate industrial y de producci\u00f3n que afecta a  parte de las compa\u00f1\u00edas que operan en el pa\u00eds.<\/p>\n<p>La medida elaborada por el  equipo t\u00e9cnico del ministro Carlos Tomada pretende dar certidumbre a la  inseguridad laboral que existe en ciertos sectores, como consecuencia de la  crisis econ\u00f3mica que provoc\u00f3 la debacle financiera global.<\/p>\n<p>&#8220;Antes de  aplicar cualquier medida que afecte el empleo, las empresas deber\u00e1n solicitar  ante el Ministerio de Trabajo o las Secretar\u00edas provinciales de Empleo el pedido  de apertura del Procedimiento Preventivo&#8221;, dijo Tomada en una entrevista a un  matutino porte\u00f1o.<\/p>\n<p>El viernes \u00faltimo, por ejemplo, la empresa automotriz  General Motors dej\u00f3 en suspenso una suspensi\u00f3n de casi 500 empleados, luego de  acordar una conciliaci\u00f3n obligatoria entre el Ministerio de Trabajo de Santa Fe  y el gremio SMATA.<\/p>\n<p>Seg\u00fan esta nueva herramienta, hasta que se terminan  los tr\u00e1mites del Procedimiento Preventivo de Crisis no se puede tomar ninguna  medida. &#8220;Cualquier suspensi\u00f3n o despido que se haga sin antes pasar por esa  instancia de conciliaci\u00f3n ser\u00e1 declarada sin efecto&#8221;, coment\u00f3 Tomada, seg\u00fan  public\u00f3 el diario Clar\u00edn.<\/p>\n<p>La implementaci\u00f3n de la medida trae a la  memoria las iniciativas efectuadas durante la gesti\u00f3n de Eduardo Duhalde, en  plena crisis de 2002, cuando tambi\u00e9n las empresas deb\u00edan informar sobre posibles  despidos y suspensiones de personal. En esa misma \u00e9poca, ese gobierno tambi\u00e9n  dispuso la aplicaci\u00f3n de la famosa &#8220;doble indemnizaci\u00f3n&#8221;.<\/p><\/div>\n","protected":false},"excerpt":{"rendered":"<div><span style=\"color: #0000ff;\">El ministro de Trabajo Carlos Tomada anticip\u00f3 que las  compa\u00f1\u00edas deber\u00e1n presentar un Procedimiento Preventivo<\/span><\/div>\n<div><\/div>\n<div>27 de octubre de 2008 (Infobae) &#8212; Las empresas deber\u00e1n  anticipar al Ministerio de Trabajo los movimientos laborales que eval\u00faen hacer  con sus empleados, a partir del parate industrial y de producci\u00f3n que afecta a  parte de las compa\u00f1\u00edas que operan en el pa\u00eds.<\/p>\n","protected":false},"author":1,"featured_media":73547,"comment_status":"closed","ping_status":"open","sticky":false,"template":"","format":"standard","meta":{"footnotes":""},"categories":[3],"tags":[],"class_list":["post-77375","post","type-post","status-publish","format-standard","has-post-thumbnail","hentry","category-ultimas-noticias"],"_links":{"self":[{"href":"https:\/\/ic.tecnopc.com.ar\/index.php\/wp-json\/wp\/v2\/posts\/77375","targetHints":{"allow":["GET"]}}],"collection":[{"href":"https:\/\/ic.tecnopc.com.ar\/index.php\/wp-json\/wp\/v2\/posts"}],"about":[{"href":"https:\/\/ic.tecnopc.com.ar\/index.php\/wp-json\/wp\/v2\/types\/post"}],"author":[{"embeddable":true,"href":"https:\/\/ic.tecnopc.com.ar\/index.php\/wp-json\/wp\/v2\/users\/1"}],"replies":[{"embeddable":true,"href":"https:\/\/ic.tecnopc.com.ar\/index.php\/wp-json\/wp\/v2\/comments?post=77375"}],"version-history":[{"count":0,"href":"https:\/\/ic.tecnopc.com.ar\/index.php\/wp-json\/wp\/v2\/posts\/77375\/revisions"}],"wp:featuredmedia":[{"embeddable":true,"href":"https:\/\/ic.tecnopc.com.ar\/index.php\/wp-json\/"}],"wp:attachment":[{"href":"https:\/\/ic.tecnopc.com.ar\/index.php\/wp-json\/wp\/v2\/media?parent=77375"}],"wp:term":[{"taxonomy":"category","embeddable":true,"href":"https:\/\/ic.tecnopc.com.ar\/index.php\/wp-json\/wp\/v2\/categories?post=77375"},{"taxonomy":"post_tag","embeddable":true,"href":"https:\/\/ic.tecnopc.com.ar\/index.php\/wp-json\/wp\/v2\/tags?post=77375"}],"curies":[{"name":"wp","href":"https:\/\/api.w.org\/{rel}","templated":true}]}}